{"id":2024,"date":"2016-04-22T11:48:34","date_gmt":"2016-04-22T10:48:34","guid":{"rendered":"https:\/\/www.rajapack.it\/blog-it\/?p=2024"},"modified":"2025-03-10T16:05:48","modified_gmt":"2025-03-10T15:05:48","slug":"rajapack-celebra-la-giornata-della-terra","status":"publish","type":"post","link":"https:\/\/www.rajapack.it\/blog-it\/rajapack-celebra-la-giornata-della-terra","title":{"rendered":"Rajapack celebra la Giornata della Terra"},"content":{"rendered":"<p>Oggi si celebra la Giornata della Terra (Earth day), che quest\u2019anno si arricchisce di un ulteriore valore. Il segretario delle Nazioni Unite Ban Ki Moon ha scelto infatti il 22 aprile 2016 per ratificare lo storico accordo sul clima firmato lo scorso dicembre a Parigi.<\/p>\n<p>In tutto il mondo si stanno organizzando numerose iniziative per sensibilizzare quante pi\u00f9 persone possibili alla tutela del Pianeta!<\/p>\n<p>Anche noi come Rajapack vogliamo dare il nostro contributo.<\/p>\n<p>Lo scorso anno, proprio in occasione della COP21, la Conferenza sul Clima delle Nazioni Unite, abbiamo dato vita ai <a href=\"https:\/\/www.rajapack.it\/progetti-donne-ambiente\/scopo-iniziativa.html\" target=\"_blank\" rel=\"noopener\">progetti Donne &amp; Ambiente<\/a>.<\/p>\n<p>In pratica, senza variare il prezzo dei nostri imballaggi ecologici, per ogni loro acquisto, abbiamo donato 1 o 2\u20ac ai progetti a favore dell\u2019ambiente e delle donne, le prime vittime dei cambiamenti climatici.<\/p>\n<p>Abbiamo diminuito i nostri margini di guadagno, ma siamo riusciti a raccogliere pi\u00f9 di 420.000\u20ac, che abbiamo donato l\u20198 marzo 2016, in occasione della Festa della Donna, a 5 associazioni non profit.<\/p>\n<p>Oggi, in occasione della Giornata Mondiale della Terra vogliamo dirti che non ci fermiamo.<\/p>\n<p>Abbiamo selezionato nuovamente <a href=\"https:\/\/www.rajapack.it\/progetti-donne-ambiente\/imballaggi-amici-ambiente.html\" target=\"_blank\" rel=\"noopener\">3 imballaggi green<\/a> e continueremo a donare 1 o 2\u20ac a confezione in occasione di ogni loro vendita. Si tratta delle <a href=\"https:\/\/www.rajapack.it\/scatole-cartone-casse\/scatole-cartone-formato-lungo-piatte-altezza-variabile-pallettizzabili\/scatole-cartone-altezza-variabile\/scatole-cartone-un-onda-ad-altezza-variabile_PDT01532.html\">scatole ad altezza variabile<\/a>, dei <a href=\"https:\/\/www.rajapack.it\/nastri-adesivi-reggiatura\/nastri-adesivi-in-carta\/nastri-carta\/nastro-adesivo-carta-kraft-rajatape_PDT01167.html\" target=\"_blank\" rel=\"noopener\">nastri adesivi in carta<\/a> e delle <a href=\"https:\/\/www.rajapack.it\/borse-confezioni-regalo\/borse-shopper-carta\/shopper-carta-con-maniglie-ritorte\/buste-shopper-carta-bianca-o-avana-con-maniglie-ritorte-rajashop_PDT02536.html\" target=\"_blank\" rel=\"noopener\">shopper sempre in carta<\/a>.<\/p>\n<p><a href=\"https:\/\/www.rajapack.it\/progetti-donne-ambiente\/imballaggi-amici-ambiente.html\" rel=\"attachment wp-att-2029\"><img loading=\"lazy\" decoding=\"async\" class=\"size-medium wp-image-2029 alignleft\" src=\"https:\/\/www.rajapack.it\/blog-it\/wp-content\/uploads\/2016\/04\/3-PRODOTTI-ECOLOGICI-300x293.jpg\" alt=\"3 PRODOTTI ECO-SOLIDALI\" width=\"300\" height=\"293\" srcset=\"https:\/\/www.rajapack.it\/blog-it\/wp-content\/uploads\/2016\/04\/3-PRODOTTI-ECOLOGICI-300x293.jpg 300w, https:\/\/www.rajapack.it\/blog-it\/wp-content\/uploads\/2016\/04\/3-PRODOTTI-ECOLOGICI-430x421.jpg 430w, https:\/\/www.rajapack.it\/blog-it\/wp-content\/uploads\/2016\/04\/3-PRODOTTI-ECOLOGICI-768x751.jpg 768w, https:\/\/www.rajapack.it\/blog-it\/wp-content\/uploads\/2016\/04\/3-PRODOTTI-ECOLOGICI-1024x1001.jpg 1024w, https:\/\/www.rajapack.it\/blog-it\/wp-content\/uploads\/2016\/04\/3-PRODOTTI-ECOLOGICI-600x587.jpg 600w, https:\/\/www.rajapack.it\/blog-it\/wp-content\/uploads\/2016\/04\/3-PRODOTTI-ECOLOGICI-450x440.jpg 450w\" sizes=\"(max-width: 300px) 100vw, 300px\" \/><\/a><\/p>\n<p>Il ricavato di questa iniziativa ci permetter\u00e0 di seguire <a href=\"https:\/\/www.rajapack.it\/progetti-donne-ambiente\/progetti.html\" target=\"_blank\" rel=\"noopener\">3 nuovi progetti<\/a>:<\/p>\n<p>Il primo \u00e8 localizzato in Senegal, nella riserva naturale di Sin\u00e9 Saloum. Attraverso <a href=\"http:\/\/www.enda-europe.org\/\" target=\"_blank\" rel=\"noopener\">l\u2019associazione EDNA<\/a> insegneremo alle donne pratiche di raccolta delle conchiglie maggiormente sostenibili, per preservare l\u2019ecosistema marino, minacciato dall\u2019intensivo sfruttamento delle risorse ittiche.<\/p>\n<p>Il secondo progetto Rajpack ci conduce in Georgia. Qui, tramite l\u2019associazione WECF, mobiliteremo le donne e le formeremo perch\u00e9 diffondano in tutto il paese soluzioni energetiche efficienti e poco inquinanti, sfruttando i benefici delle energie rinnovabili.<\/p>\n<p>Infine Rajapack arriver\u00e0 in India, dove attraverso la <a href=\"http:\/\/www.goodplanet.org\/en\/\" target=\"_blank\" rel=\"noopener\">Fondazione GoodPlanet<\/a> doter\u00e0 numerose aziende agricole di sistemi di produzione di bio-gas da scarti agricoli, nonch\u00e9 di unit\u00e0 di \u201cvermicompost\u201d. Numerose famiglie diventeranno cos\u00ec energeticamente auto-sufficienti.<\/p>\n","protected":false},"excerpt":{"rendered":"<p>Oggi si celebra la Giornata della Terra (Earth day), che quest\u2019anno si arricchisce di un ulteriore valore. Il segretario delle Nazioni Unite Ban Ki Moon ha scelto infatti il 22 [&#8230;]<\/p>\n","protected":false},"author":24,"featured_media":2028,"comment_status":"open","ping_status":"open","sticky":false,"template":"","format":"standard","meta":{"_acf_changed":false,"footnotes":""},"categories":[451],"tags":[496],"class_list":["post-2024","post","type-post","status-publish","format-standard","has-post-thumbnail","hentry","category-ecologia","tag-sostenibilita"],"acf":[],"yoast_head":"\n<title>Rajapack celebra la Giornata della Terra - Blog Rajapack<\/title>\n<meta name=\"robots\" content=\"index, follow, max-snippet:-1, max-image-preview:large, max-video-preview:-1\" \/>\n<link rel=\"canonical\" href=\"https:\/\/www.rajapack.it\/blog-it\/rajapack-celebra-la-giornata-della-terra\" \/>\n<meta property=\"og:locale\" content=\"it_IT\" \/>\n<meta property=\"og:type\" content=\"article\" \/>\n<meta property=\"og:title\" content=\"Rajapack celebra la Giornata della Terra - Blog Rajapack\" \/>\n<meta property=\"og:description\" content=\"Oggi si celebra la Giornata della Terra (Earth day), che quest\u2019anno si arricchisce di un ulteriore valore. Il segretario delle Nazioni Unite Ban Ki Moon ha scelto infatti il 22 [...]\" \/>\n<meta property=\"og:url\" content=\"https:\/\/www.rajapack.it\/blog-it\/rajapack-celebra-la-giornata-della-terra\" \/>\n<meta property=\"og:site_name\" content=\"Blog Ufficiale RAJA | Il n\u00b0 1 Europeo dell\u2019imballaggio\" \/>\n<meta property=\"article:publisher\" content=\"https:\/\/www.facebook.com\/RajapackIT\" \/>\n<meta property=\"article:published_time\" content=\"2016-04-22T10:48:34+00:00\" \/>\n<meta property=\"article:modified_time\" content=\"2025-03-10T15:05:48+00:00\" \/>\n<meta property=\"og:image\" content=\"https:\/\/www.rajapack.it\/blog-it\/wp-content\/uploads\/2016\/04\/albero.jpg\" \/>\n\t<meta property=\"og:image:width\" content=\"632\" \/>\n\t<meta property=\"og:image:height\" content=\"509\" \/>\n\t<meta property=\"og:image:type\" content=\"image\/jpeg\" \/>\n<meta name=\"author\" content=\"Maria Tognon\" \/>\n<meta name=\"twitter:card\" content=\"summary_large_image\" \/>\n<meta name=\"twitter:creator\" content=\"@RajapackIT\" \/>\n<meta name=\"twitter:site\" content=\"@RajapackIT\" \/>\n<meta name=\"twitter:label1\" content=\"Scritto da\" \/>\n\t<meta name=\"twitter:data1\" content=\"Maria Tognon\" \/>\n\t<meta name=\"twitter:label2\" content=\"Tempo di lettura stimato\" \/>\n\t<meta name=\"twitter:data2\" content=\"3 minuti\" \/>\n<script type=\"application\/ld+json\" class=\"yoast-schema-graph\">{\n\t    \"@context\": \"https:\/\/schema.org\",\n\t    \"@graph\": [\n\t        {\n\t            \"@type\": \"Article\",\n\t            \"@id\": \"https:\/\/www.rajapack.it\/blog-it\/rajapack-celebra-la-giornata-della-terra#article\",\n\t            \"isPartOf\": {\n\t                \"@id\": \"https:\/\/www.rajapack.it\/blog-it\/rajapack-celebra-la-giornata-della-terra\"\n\t            },\n\t            \"author\": {\n\t                \"name\": \"Maria Tognon\",\n\t                \"@id\": \"https:\/\/www.rajapack.it\/blog-it\/#\/schema\/person\/8293b8c9692591d18b2bbc2943fdade9\"\n\t            },\n\t            \"headline\": \"Rajapack celebra la Giornata della Terra\",\n\t            \"datePublished\": \"2016-04-22T10:48:34+00:00\",\n\t            \"dateModified\": \"2025-03-10T15:05:48+00:00\",\n\t            \"mainEntityOfPage\": {\n\t                \"@id\": \"https:\/\/www.rajapack.it\/blog-it\/rajapack-celebra-la-giornata-della-terra\"\n\t            },\n\t            \"wordCount\": 331,\n\t            \"commentCount\": 0,\n\t            \"publisher\": {\n\t                \"@id\": \"https:\/\/www.rajapack.it\/blog-it\/#organization\"\n\t            },\n\t            \"image\": {\n\t                \"@id\": \"https:\/\/www.rajapack.it\/blog-it\/rajapack-celebra-la-giornata-della-terra#primaryimage\"\n\t            },\n\t            \"thumbnailUrl\": \"https:\/\/www.rajapack.it\/blog-it\/wp-content\/uploads\/2016\/04\/albero.jpg\",\n\t            \"keywords\": [\n\t                \"Sostenibilit\u00e0\"\n\t            ],\n\t            \"articleSection\": [\n\t                \"Sostenibilit\u00e0 e imballaggi\"\n\t            ],\n\t            \"inLanguage\": \"it-IT\",\n\t            \"potentialAction\": [\n\t                {\n\t                    \"@type\": \"CommentAction\",\n\t                    \"name\": \"Comment\",\n\t                    \"target\": [\n\t                        \"https:\/\/www.rajapack.it\/blog-it\/rajapack-celebra-la-giornata-della-terra#respond\"\n\t                    ]\n\t                }\n\t            ]\n\t        },\n\t        {\n\t            \"@type\": \"WebPage\",\n\t            \"@id\": \"https:\/\/www.rajapack.it\/blog-it\/rajapack-celebra-la-giornata-della-terra\",\n\t            \"url\": \"https:\/\/www.rajapack.it\/blog-it\/rajapack-celebra-la-giornata-della-terra\",\n\t            \"name\": \"Rajapack celebra la Giornata della Terra - Blog Rajapack\",\n\t            \"isPartOf\": {\n\t                \"@id\": \"https:\/\/www.rajapack.it\/blog-it\/#website\"\n\t            },\n\t            \"primaryImageOfPage\": {\n\t                \"@id\": \"https:\/\/www.rajapack.it\/blog-it\/rajapack-celebra-la-giornata-della-terra#primaryimage\"\n\t            },\n\t            \"image\": {\n\t                \"@id\": \"https:\/\/www.rajapack.it\/blog-it\/rajapack-celebra-la-giornata-della-terra#primaryimage\"\n\t            },\n\t            \"thumbnailUrl\": \"https:\/\/www.rajapack.it\/blog-it\/wp-content\/uploads\/2016\/04\/albero.jpg\",\n\t            \"datePublished\": \"2016-04-22T10:48:34+00:00\",\n\t            \"dateModified\": \"2025-03-10T15:05:48+00:00\",\n\t            \"inLanguage\": \"it-IT\",\n\t            \"potentialAction\": [\n\t                {\n\t                    \"@type\": \"ReadAction\",\n\t                    \"target\": [\n\t                        \"https:\/\/www.rajapack.it\/blog-it\/rajapack-celebra-la-giornata-della-terra\"\n\t                    ]\n\t                }\n\t            ]\n\t        },\n\t        {\n\t            \"@type\": \"ImageObject\",\n\t            \"inLanguage\": \"it-IT\",\n\t            \"@id\": \"https:\/\/www.rajapack.it\/blog-it\/rajapack-celebra-la-giornata-della-terra#primaryimage\",\n\t            \"url\": \"https:\/\/www.rajapack.it\/blog-it\/wp-content\/uploads\/2016\/04\/albero.jpg\",\n\t            \"contentUrl\": \"https:\/\/www.rajapack.it\/blog-it\/wp-content\/uploads\/2016\/04\/albero.jpg\",\n\t            \"width\": 632,\n\t            \"height\": 509\n\t        },\n\t        {\n\t            \"@type\": \"WebSite\",\n\t            \"@id\": \"https:\/\/www.rajapack.it\/blog-it\/#website\",\n\t            \"url\": \"https:\/\/www.rajapack.it\/blog-it\/\",\n\t            \"name\": \"Blog Ufficiale RAJA | Il n\u00b0 1 Europeo dell\u2019imballaggio\",\n\t            \"description\": \"news dal mondo dell&#039;imballaggio\",\n\t            \"publisher\": {\n\t                \"@id\": \"https:\/\/www.rajapack.it\/blog-it\/#organization\"\n\t            },\n\t            \"potentialAction\": [\n\t                {\n\t                    \"@type\": \"SearchAction\",\n\t                    \"target\": {\n\t                        \"@type\": \"EntryPoint\",\n\t                        \"urlTemplate\": \"https:\/\/www.rajapack.it\/blog-it\/?s={search_term_string}\"\n\t                    },\n\t                    \"query-input\": \"required name=search_term_string\"\n\t                }\n\t            ],\n\t            \"inLanguage\": \"it-IT\"\n\t        },\n\t        {\n\t            \"@type\": \"Organization\",\n\t            \"@id\": \"https:\/\/www.rajapack.it\/blog-it\/#organization\",\n\t            \"name\": \"RAJA Blog IT\",\n\t            \"url\": \"https:\/\/www.rajapack.it\/blog-it\/\",\n\t            \"logo\": {\n\t                \"@type\": \"ImageObject\",\n\t                \"inLanguage\": \"it-IT\",\n\t                \"@id\": \"https:\/\/www.rajapack.it\/blog-it\/#\/schema\/logo\/image\/\",\n\t                \"url\": \"https:\/\/www.rajapack.it\/blog-it\/wp-content\/uploads\/2022\/07\/ico.png\",\n\t                \"contentUrl\": \"https:\/\/www.rajapack.it\/blog-it\/wp-content\/uploads\/2022\/07\/ico.png\",\n\t                \"width\": 512,\n\t                \"height\": 512,\n\t                \"caption\": \"RAJA Blog IT\"\n\t            },\n\t            \"image\": {\n\t                \"@id\": \"https:\/\/www.rajapack.it\/blog-it\/#\/schema\/logo\/image\/\"\n\t            },\n\t            \"sameAs\": [\n\t                \"https:\/\/www.facebook.com\/RajapackIT\",\n\t                \"https:\/\/x.com\/RajapackIT\",\n\t                \"http:\/\/www.linkedin.com\/company\/rajapack-italy\"\n\t            ]\n\t        },\n\t        {\n\t            \"@type\": \"Person\",\n\t            \"@id\": \"https:\/\/www.rajapack.it\/blog-it\/#\/schema\/person\/8293b8c9692591d18b2bbc2943fdade9\",\n\t            \"name\": \"Maria Tognon\",\n\t            \"image\": {\n\t                \"@type\": \"ImageObject\",\n\t                \"inLanguage\": \"it-IT\",\n\t                \"@id\": \"https:\/\/www.rajapack.it\/blog-it\/#\/schema\/person\/image\/\",\n\t                \"url\": \"https:\/\/secure.gravatar.com\/avatar\/68ed3f0a2f693fe28b5de06e0fc5ea50?s=96&d=mm&r=g\",\n\t                \"contentUrl\": \"https:\/\/secure.gravatar.com\/avatar\/68ed3f0a2f693fe28b5de06e0fc5ea50?s=96&d=mm&r=g\",\n\t                \"caption\": \"Maria Tognon\"\n\t            },\n\t            \"description\": \"Lorem Ipsum \u00e8 un testo segnaposto utilizzato nel settore della tipografia e della stampa.\"\n\t        }\n\t    ]\n\t}<\/script>\n","yoast_head_json":{"title":"Rajapack celebra la Giornata della Terra - Blog Rajapack","robots":{"index":"index","follow":"follow","max-snippet":"max-snippet:-1","max-image-preview":"max-image-preview:large","max-video-preview":"max-video-preview:-1"},"canonical":"https:\/\/www.rajapack.it\/blog-it\/rajapack-celebra-la-giornata-della-terra","og_locale":"it_IT","og_type":"article","og_title":"Rajapack celebra la Giornata della Terra - Blog Rajapack","og_description":"Oggi si celebra la Giornata della Terra (Earth day), che quest\u2019anno si arricchisce di un ulteriore valore. Il segretario delle Nazioni Unite Ban Ki Moon ha scelto infatti il 22 [...]","og_url":"https:\/\/www.rajapack.it\/blog-it\/rajapack-celebra-la-giornata-della-terra","og_site_name":"Blog Ufficiale RAJA | Il n\u00b0 1 Europeo dell\u2019imballaggio","article_publisher":"https:\/\/www.facebook.com\/RajapackIT","article_published_time":"2016-04-22T10:48:34+00:00","article_modified_time":"2025-03-10T15:05:48+00:00","og_image":[{"width":632,"height":509,"url":"https:\/\/www.rajapack.it\/blog-it\/wp-content\/uploads\/2016\/04\/albero.jpg","type":"image\/jpeg"}],"author":"Maria Tognon","twitter_card":"summary_large_image","twitter_creator":"@RajapackIT","twitter_site":"@RajapackIT","twitter_misc":{"Scritto da":"Maria Tognon","Tempo di lettura stimato":"3 minuti"},"schema":{"@context":"https:\/\/schema.org","@graph":[{"@type":"Article","@id":"https:\/\/www.rajapack.it\/blog-it\/rajapack-celebra-la-giornata-della-terra#article","isPartOf":{"@id":"https:\/\/www.rajapack.it\/blog-it\/rajapack-celebra-la-giornata-della-terra"},"author":{"name":"Maria Tognon","@id":"https:\/\/www.rajapack.it\/blog-it\/#\/schema\/person\/8293b8c9692591d18b2bbc2943fdade9"},"headline":"Rajapack celebra la Giornata della Terra","datePublished":"2016-04-22T10:48:34+00:00","dateModified":"2025-03-10T15:05:48+00:00","mainEntityOfPage":{"@id":"https:\/\/www.rajapack.it\/blog-it\/rajapack-celebra-la-giornata-della-terra"},"wordCount":331,"commentCount":0,"publisher":{"@id":"https:\/\/www.rajapack.it\/blog-it\/#organization"},"image":{"@id":"https:\/\/www.rajapack.it\/blog-it\/rajapack-celebra-la-giornata-della-terra#primaryimage"},"thumbnailUrl":"https:\/\/www.rajapack.it\/blog-it\/wp-content\/uploads\/2016\/04\/albero.jpg","keywords":["Sostenibilit\u00e0"],"articleSection":["Sostenibilit\u00e0 e imballaggi"],"inLanguage":"it-IT","potentialAction":[{"@type":"CommentAction","name":"Comment","target":["https:\/\/www.rajapack.it\/blog-it\/rajapack-celebra-la-giornata-della-terra#respond"]}]},{"@type":"WebPage","@id":"https:\/\/www.rajapack.it\/blog-it\/rajapack-celebra-la-giornata-della-terra","url":"https:\/\/www.rajapack.it\/blog-it\/rajapack-celebra-la-giornata-della-terra","name":"Rajapack celebra la Giornata della Terra - Blog Rajapack","isPartOf":{"@id":"https:\/\/www.rajapack.it\/blog-it\/#website"},"primaryImageOfPage":{"@id":"https:\/\/www.rajapack.it\/blog-it\/rajapack-celebra-la-giornata-della-terra#primaryimage"},"image":{"@id":"https:\/\/www.rajapack.it\/blog-it\/rajapack-celebra-la-giornata-della-terra#primaryimage"},"thumbnailUrl":"https:\/\/www.rajapack.it\/blog-it\/wp-content\/uploads\/2016\/04\/albero.jpg","datePublished":"2016-04-22T10:48:34+00:00","dateModified":"2025-03-10T15:05:48+00:00","inLanguage":"it-IT","potentialAction":[{"@type":"ReadAction","target":["https:\/\/www.rajapack.it\/blog-it\/rajapack-celebra-la-giornata-della-terra"]}]},{"@type":"ImageObject","inLanguage":"it-IT","@id":"https:\/\/www.rajapack.it\/blog-it\/rajapack-celebra-la-giornata-della-terra#primaryimage","url":"https:\/\/www.rajapack.it\/blog-it\/wp-content\/uploads\/2016\/04\/albero.jpg","contentUrl":"https:\/\/www.rajapack.it\/blog-it\/wp-content\/uploads\/2016\/04\/albero.jpg","width":632,"height":509},{"@type":"WebSite","@id":"https:\/\/www.rajapack.it\/blog-it\/#website","url":"https:\/\/www.rajapack.it\/blog-it\/","name":"Blog Ufficiale RAJA | Il n\u00b0 1 Europeo dell\u2019imballaggio","description":"news dal mondo dell&#039;imballaggio","publisher":{"@id":"https:\/\/www.rajapack.it\/blog-it\/#organization"},"potentialAction":[{"@type":"SearchAction","target":{"@type":"EntryPoint","urlTemplate":"https:\/\/www.rajapack.it\/blog-it\/?s={search_term_string}"},"query-input":"required name=search_term_string"}],"inLanguage":"it-IT"},{"@type":"Organization","@id":"https:\/\/www.rajapack.it\/blog-it\/#organization","name":"RAJA Blog IT","url":"https:\/\/www.rajapack.it\/blog-it\/","logo":{"@type":"ImageObject","inLanguage":"it-IT","@id":"https:\/\/www.rajapack.it\/blog-it\/#\/schema\/logo\/image\/","url":"https:\/\/www.rajapack.it\/blog-it\/wp-content\/uploads\/2022\/07\/ico.png","contentUrl":"https:\/\/www.rajapack.it\/blog-it\/wp-content\/uploads\/2022\/07\/ico.png","width":512,"height":512,"caption":"RAJA Blog IT"},"image":{"@id":"https:\/\/www.rajapack.it\/blog-it\/#\/schema\/logo\/image\/"},"sameAs":["https:\/\/www.facebook.com\/RajapackIT","https:\/\/x.com\/RajapackIT","http:\/\/www.linkedin.com\/company\/rajapack-italy"]},{"@type":"Person","@id":"https:\/\/www.rajapack.it\/blog-it\/#\/schema\/person\/8293b8c9692591d18b2bbc2943fdade9","name":"Maria Tognon","image":{"@type":"ImageObject","inLanguage":"it-IT","@id":"https:\/\/www.rajapack.it\/blog-it\/#\/schema\/person\/image\/","url":"https:\/\/secure.gravatar.com\/avatar\/68ed3f0a2f693fe28b5de06e0fc5ea50?s=96&d=mm&r=g","contentUrl":"https:\/\/secure.gravatar.com\/avatar\/68ed3f0a2f693fe28b5de06e0fc5ea50?s=96&d=mm&r=g","caption":"Maria Tognon"},"description":"Lorem Ipsum \u00e8 un testo segnaposto utilizzato nel settore della tipografia e della stampa."}]}},"_links":{"self":[{"href":"https:\/\/www.rajapack.it\/blog-it\/wp-json\/wp\/v2\/posts\/2024"}],"collection":[{"href":"https:\/\/www.rajapack.it\/blog-it\/wp-json\/wp\/v2\/posts"}],"about":[{"href":"https:\/\/www.rajapack.it\/blog-it\/wp-json\/wp\/v2\/types\/post"}],"author":[{"embeddable":true,"href":"https:\/\/www.rajapack.it\/blog-it\/wp-json\/wp\/v2\/users\/24"}],"replies":[{"embeddable":true,"href":"https:\/\/www.rajapack.it\/blog-it\/wp-json\/wp\/v2\/comments?post=2024"}],"version-history":[{"count":0,"href":"https:\/\/www.rajapack.it\/blog-it\/wp-json\/wp\/v2\/posts\/2024\/revisions"}],"wp:featuredmedia":[{"embeddable":true,"href":"https:\/\/www.rajapack.it\/blog-it\/wp-json\/wp\/v2\/media\/2028"}],"wp:attachment":[{"href":"https:\/\/www.rajapack.it\/blog-it\/wp-json\/wp\/v2\/media?parent=2024"}],"wp:term":[{"taxonomy":"category","embeddable":true,"href":"https:\/\/www.rajapack.it\/blog-it\/wp-json\/wp\/v2\/categories?post=2024"},{"taxonomy":"post_tag","embeddable":true,"href":"https:\/\/www.rajapack.it\/blog-it\/wp-json\/wp\/v2\/tags?post=2024"}],"curies":[{"name":"wp","href":"https:\/\/api.w.org\/{rel}","templated":true}]}}