{"id":2186,"date":"2016-09-23T17:53:39","date_gmt":"2016-09-23T16:53:39","guid":{"rendered":"https:\/\/www.rajapack.it\/blog-it\/?p=2186"},"modified":"2025-03-10T16:06:40","modified_gmt":"2025-03-10T15:06:40","slug":"rajapack-italia-compie-10-anni-allarga-gli-uffici","status":"publish","type":"post","link":"https:\/\/www.rajapack.it\/blog-it\/rajapack-italia-compie-10-anni-allarga-gli-uffici","title":{"rendered":"Rajapack Italia compie 10 anni e allarga gli uffici"},"content":{"rendered":"<h1>Rajapack Italia festeggia il proprio decennale con un nuovo piano di uffici.<\/h1>\n<figure id=\"attachment_2187\" aria-describedby=\"caption-attachment-2187\" style=\"width: 636px\" class=\"wp-caption alignleft\"><a href=\"https:\/\/www.rajapack.it\" rel=\"attachment wp-att-2187\"><img loading=\"lazy\" decoding=\"async\" class=\" wp-image-2187\" src=\"https:\/\/www.rajapack.it\/blog-it\/wp-content\/uploads\/2016\/09\/foto-1024x669.jpg\" alt=\"Rajapack Italia nuovi uffici\" width=\"636\" height=\"531\" \/><\/a><figcaption id=\"caption-attachment-2187\" class=\"wp-caption-text\">Una sala dei nuovi uffici<\/figcaption><\/figure>\n<p>L&#8217;impresa\u00a0di Piacenza\u00a0fa parte del Gruppo RAJA, leader in Europa nella distribuzione di imballaggi alle aziende.<\/p>\n<p><b>Azienda francese, creata nel 1954, Raja, che prende il nome dalle due socie fondatrici, <\/b><b>Rachel<\/b><b> e <\/b><b>Janine<\/b><b>, \u00e8 oggi presente in 17 paesi europei con 21 filiali e ha raggiunto un fatturato di 475M\u20ac nel 2015.<\/b><\/p>\n<p>La filiale italiana\u00a0ha contribuito alla crescita del Gruppo, distinguendosi in tutta Europa.<\/p>\n<p>I marchi di fabbrica che le hanno permesso di affermarsi nel Bel Paese sono la qualit\u00e0 dei prodotti e dei servizi, insieme a una particolare attenzione per il benessere dei propri collaboratori.<\/p>\n<h2><\/h2>\n<h2><\/h2>\n<h2>10 anni di Rajapack Italia in cifre<\/h2>\n<p><a href=\"https:\/\/www.rajapack.it\" rel=\"attachment wp-att-2188\"><img loading=\"lazy\" decoding=\"async\" class=\"aligncenter wp-image-2188 size-large\" src=\"https:\/\/www.rajapack.it\/blog-it\/wp-content\/uploads\/2016\/09\/2006_2016-785x1024.jpg\" alt=\"La crescita di Rajapack\" width=\"785\" height=\"1024\" srcset=\"https:\/\/www.rajapack.it\/blog-it\/wp-content\/uploads\/2016\/09\/2006_2016-785x1024.jpg 785w, https:\/\/www.rajapack.it\/blog-it\/wp-content\/uploads\/2016\/09\/2006_2016-330x430.jpg 330w, https:\/\/www.rajapack.it\/blog-it\/wp-content\/uploads\/2016\/09\/2006_2016-768x1001.jpg 768w, https:\/\/www.rajapack.it\/blog-it\/wp-content\/uploads\/2016\/09\/2006_2016-600x782.jpg 600w, https:\/\/www.rajapack.it\/blog-it\/wp-content\/uploads\/2016\/09\/2006_2016-300x391.jpg 300w, https:\/\/www.rajapack.it\/blog-it\/wp-content\/uploads\/2016\/09\/2006_2016-450x587.jpg 450w, https:\/\/www.rajapack.it\/blog-it\/wp-content\/uploads\/2016\/09\/2006_2016.jpg 869w\" sizes=\"(max-width: 785px) 100vw, 785px\" \/><\/a><\/p>\n<p>&nbsp;<\/p>\n<p>La crescita di Rajapack Italia \u00e8 stata incredibile, basti pensare che nel giro di 10 anni il fatturato \u00e8 cresciuto mediamente di 1M\u20ac ogni anno.<\/p>\n<h2>Il segreto della crescita\u00a0di Rajapack Italia<\/h2>\n<p>Concretamente, qual \u00e8 il nostro valore aggiunto?<\/p>\n<p>La vastit\u00e0 della gamma e soprattutto la sicurezza di reperire i prodotti perch\u00e9 sono costantemente ri-assortiti e disponibili a magazzino.<\/p>\n<p>Proprio la scorsa settimana\u00a0 siamo partiti con <strong>l\u2019installazione di un nuovo software<\/strong> per la previsione della domanda,\u00a0 che ci permetter\u00e0 di aumentare ulteriormente il nostro livello di servizio migliorando i processi e la pianificazione.<\/p>\n<p>I prezzi competitivi e garantiti sei mesi, grazie alla forza di acquisto di un grande Gruppo e alle partnership che abbiamo saputo costruire nel tempo.<\/p>\n<p>la consegna veloce e gratuita in 24h, che abbiamo potenziato integrando un servizio di consegna express, che permette ai nostri clienti di ricevere la merce addirittura entro le 10.30 del mattino successivo all\u2019 ordine.<\/p>\n<p>La ricerca dell\u2019innovazione a tutti i livelli, di servizio, di prodotto e di processo, incoraggiando le idee di tutti i collaboratori e confrontandoci con i nostri clienti.<\/p>\n<p>Alcuni esempi:<\/p>\n<ul>\n<li>abbiamo reso il nostro e-commerce fruibile anche da smartphone e tablet,<\/li>\n<li>utilizziamo gli sms per ricordare un appuntamento o per dare informazioni sulle spedizioni,<\/li>\n<li>abbiamo allungato il cut off degli ordini fino alle h17,<\/li>\n<li>siamo in grado di organizzare lo stoccaggio e la distribuzione di prodotti su misura e non per i nostri clienti pi\u00f9 grandi, effettuando consegne programmate e multi sito.<\/li>\n<li>Integriamo alla nostra offerta sempre nuove soluzioni e imballaggi green.<\/li>\n<li>Diamo la possibilit\u00e0 di personalizzare i prodotti, richiedere produzioni su misura e offriamo una vasta gamma di macchinari e sistemi per l\u2019imballaggio e il confezionamento.<\/li>\n<li>Inoltre, molti prodotti sono garantiti dal nostro marchio, che assicura una qualit\u00e0 costante a un giusto prezzo.<\/li>\n<\/ul>\n<p><img loading=\"lazy\" decoding=\"async\" class=\"aligncenter size-full wp-image-2191\" src=\"https:\/\/www.rajapack.it\/blog-it\/wp-content\/uploads\/2016\/09\/I-NOSTRI-PLUS.jpg\" alt=\"i-nostri-plus\" width=\"854\" height=\"1006\" srcset=\"https:\/\/www.rajapack.it\/blog-it\/wp-content\/uploads\/2016\/09\/I-NOSTRI-PLUS.jpg 854w, https:\/\/www.rajapack.it\/blog-it\/wp-content\/uploads\/2016\/09\/I-NOSTRI-PLUS-365x430.jpg 365w, https:\/\/www.rajapack.it\/blog-it\/wp-content\/uploads\/2016\/09\/I-NOSTRI-PLUS-768x905.jpg 768w, https:\/\/www.rajapack.it\/blog-it\/wp-content\/uploads\/2016\/09\/I-NOSTRI-PLUS-600x707.jpg 600w, https:\/\/www.rajapack.it\/blog-it\/wp-content\/uploads\/2016\/09\/I-NOSTRI-PLUS-300x353.jpg 300w, https:\/\/www.rajapack.it\/blog-it\/wp-content\/uploads\/2016\/09\/I-NOSTRI-PLUS-450x530.jpg 450w\" sizes=\"(max-width: 854px) 100vw, 854px\" \/><\/p>\n<p>Inoltre, come sostiene la nostra presidente, Dani\u00e8le KAPEL MARCOVICI,\u00a0 l\u2019azienda, al di l\u00e0 del ruolo economico, deve giocare un ruolo altrettanto importante nella societ\u00e0.<\/p>\n<p>Proprio per questo motivo,\u00a0 10 anni fa, oltre a Rajapack\u00a0Italia, nasceva anche la fondazione Raja Dani\u00e8le Marcovici, con la missione di difendere i diritti delle donne, educarle e formarle professionalmente attraverso progetti eco-sostenibili.<\/p>\n<p>340 progetti sostenuti in 10 anni, pi\u00f9 di 4 M\u20ac stanziati a favore di 218 associazioni.<\/p>\n<p><img loading=\"lazy\" decoding=\"async\" class=\"aligncenter size-full wp-image-2192\" src=\"https:\/\/www.rajapack.it\/blog-it\/wp-content\/uploads\/2016\/09\/SOSTENIBILE.jpg\" alt=\"Da Rajapack acquisti eco-sostenibili\" width=\"717\" height=\"494\" srcset=\"https:\/\/www.rajapack.it\/blog-it\/wp-content\/uploads\/2016\/09\/SOSTENIBILE.jpg 717w, https:\/\/www.rajapack.it\/blog-it\/wp-content\/uploads\/2016\/09\/SOSTENIBILE-430x296.jpg 430w, https:\/\/www.rajapack.it\/blog-it\/wp-content\/uploads\/2016\/09\/SOSTENIBILE-600x413.jpg 600w, https:\/\/www.rajapack.it\/blog-it\/wp-content\/uploads\/2016\/09\/SOSTENIBILE-300x207.jpg 300w, https:\/\/www.rajapack.it\/blog-it\/wp-content\/uploads\/2016\/09\/SOSTENIBILE-450x310.jpg 450w\" sizes=\"(max-width: 717px) 100vw, 717px\" \/><\/p>\n<h2>Un modello di business multi-canale<\/h2>\n<p>La chiave del nostro successo \u00e8 sicuramente un modello di business multicanale, che moltiplica le occasioni di contatto per il cliente che pu\u00f2 scegliere il canale che preferisce.<\/p>\n<p>I canali principali sono:<\/p>\n<ul>\n<li>I cataloghi cartacei e tariffati<\/li>\n<li>Il sito e-commerce<\/li>\n<li>Il contact centre<\/li>\n<li>Il personale commerciale sul territorio con cui a oggi copriamo le principali regioni del Nord.<\/li>\n<li>I canali social<\/li>\n<\/ul>\n<p>Entro fine anno lanceremo anche un servizio di <b>e-<\/b><b>procurement<\/b> per agevolare l\u2019acquisto delle aziende pi\u00f9 grandi e strutturate, dando loro la possibilit\u00e0 di gestire autonomamente il proprio catalogo che si potr\u00e0 comporre sia di prodotti standard che personalizzati .<\/p>\n<p>Rajapack \u00e8 stata altres\u00ec tra le prime aziende BtB ad avere attivato una presenza capillare sui\u00a0 principali canali social. Abbiamo un nostro blog che arricchiamo costantemente di nuovi post.<\/p>\n<p>In generale continuiamo a lavorare per migliorare i contenuti del nostro\u00a0 catalogo e del nostro sito integrando video, tutorial e schede tecniche per rendere l\u2019informazione sempre pi\u00f9 accessibile ed esaustiva.<\/p>\n<p><b>L\u2019innovazione continua che ci differenzia \u00e8 supportata da un modello organizzativo e gestionale flessibile che si adatta\u00a0 e previene alle esigenze dei nostri clienti.<\/b><\/p>\n<p><b>Insomma, siamo un\u2019azienda che utilizza, in un settore tradizionale come quello <\/b><b>della distribuzione di imballaggi<\/b><b>, tutte le tecnologie e gli strumenti per dare un servizio d\u2019eccellenza ai nostri clienti<\/b><b>.<\/b><\/p>\n<p>E infine, last but not least, crediamo che l&#8217;ingrediente segreto della nostra ricetta sia appassionarci ogni giorno al nostro lavoro e accogliere tutti con il sorriso!<\/p>\n<p><a href=\"https:\/\/www.rajapack.it\" rel=\"attachment wp-att-2196\"><img loading=\"lazy\" decoding=\"async\" class=\"aligncenter size-full wp-image-2196\" src=\"https:\/\/www.rajapack.it\/blog-it\/wp-content\/uploads\/2016\/09\/sorriso.jpg\" alt=\"Rajapack sorride sempre\" width=\"543\" height=\"700\" srcset=\"https:\/\/www.rajapack.it\/blog-it\/wp-content\/uploads\/2016\/09\/sorriso.jpg 543w, https:\/\/www.rajapack.it\/blog-it\/wp-content\/uploads\/2016\/09\/sorriso-334x430.jpg 334w, https:\/\/www.rajapack.it\/blog-it\/wp-content\/uploads\/2016\/09\/sorriso-300x387.jpg 300w, https:\/\/www.rajapack.it\/blog-it\/wp-content\/uploads\/2016\/09\/sorriso-450x580.jpg 450w\" sizes=\"(max-width: 543px) 100vw, 543px\" \/><\/a><\/p>\n<p>&nbsp;<\/p>\n<p>Da 10 anni cresciamo perch\u00e9 i clienti come te ci danno fiducia, grazie!<\/p>\n","protected":false},"excerpt":{"rendered":"<p>Rajapack Italia festeggia il proprio decennale con un nuovo piano di uffici. L&#8217;impresa\u00a0di Piacenza\u00a0fa parte del Gruppo RAJA, leader in Europa nella distribuzione di imballaggi alle aziende. Azienda francese, creata [&#8230;]<\/p>\n","protected":false},"author":24,"featured_media":2197,"comment_status":"open","ping_status":"open","sticky":false,"template":"","format":"standard","meta":{"_acf_changed":false,"footnotes":""},"categories":[4],"tags":[],"class_list":["post-2186","post","type-post","status-publish","format-standard","has-post-thumbnail","hentry","category-news-eventi"],"acf":[],"yoast_head":"\n<title>Rajapack Italia compie 10 anni e allarga gli uffici - Blog Rajapack<\/title>\n<meta name=\"description\" content=\"Rajapack Italia festeggia 10 anni e svela i segreti della propria crescita a due cifre.\" \/>\n<meta name=\"robots\" content=\"index, follow, max-snippet:-1, max-image-preview:large, max-video-preview:-1\" \/>\n<link rel=\"canonical\" href=\"https:\/\/www.rajapack.it\/blog-it\/rajapack-italia-compie-10-anni-allarga-gli-uffici\" \/>\n<meta property=\"og:locale\" content=\"it_IT\" \/>\n<meta property=\"og:type\" content=\"article\" \/>\n<meta property=\"og:title\" content=\"Rajapack Italia compie 10 anni e allarga gli uffici - Blog Rajapack\" \/>\n<meta property=\"og:description\" content=\"Rajapack Italia festeggia 10 anni e svela i segreti della propria crescita a due cifre.\" \/>\n<meta property=\"og:url\" content=\"https:\/\/www.rajapack.it\/blog-it\/rajapack-italia-compie-10-anni-allarga-gli-uffici\" \/>\n<meta property=\"og:site_name\" content=\"Blog Ufficiale RAJA | Il n\u00b0 1 Europeo dell\u2019imballaggio\" \/>\n<meta property=\"article:publisher\" content=\"https:\/\/www.facebook.com\/RajapackIT\" \/>\n<meta property=\"article:published_time\" content=\"2016-09-23T16:53:39+00:00\" \/>\n<meta property=\"article:modified_time\" content=\"2025-03-10T15:06:40+00:00\" \/>\n<meta property=\"og:image\" content=\"https:\/\/www.rajapack.it\/blog-it\/wp-content\/uploads\/2016\/09\/10-anni.jpg\" \/>\n\t<meta property=\"og:image:width\" content=\"675\" \/>\n\t<meta property=\"og:image:height\" content=\"546\" \/>\n\t<meta property=\"og:image:type\" content=\"image\/jpeg\" \/>\n<meta name=\"author\" content=\"Maria Tognon\" \/>\n<meta name=\"twitter:card\" content=\"summary_large_image\" \/>\n<meta name=\"twitter:creator\" content=\"@RajapackIT\" \/>\n<meta name=\"twitter:site\" content=\"@RajapackIT\" \/>\n<meta name=\"twitter:label1\" content=\"Scritto da\" \/>\n\t<meta name=\"twitter:data1\" content=\"Maria Tognon\" \/>\n\t<meta name=\"twitter:label2\" content=\"Tempo di lettura stimato\" \/>\n\t<meta name=\"twitter:data2\" content=\"6 minuti\" \/>\n<script type=\"application\/ld+json\" class=\"yoast-schema-graph\">{\n\t    \"@context\": \"https:\/\/schema.org\",\n\t    \"@graph\": [\n\t        {\n\t            \"@type\": \"Article\",\n\t            \"@id\": \"https:\/\/www.rajapack.it\/blog-it\/rajapack-italia-compie-10-anni-allarga-gli-uffici#article\",\n\t            \"isPartOf\": {\n\t                \"@id\": \"https:\/\/www.rajapack.it\/blog-it\/rajapack-italia-compie-10-anni-allarga-gli-uffici\"\n\t            },\n\t            \"author\": {\n\t                \"name\": \"Maria Tognon\",\n\t                \"@id\": \"https:\/\/www.rajapack.it\/blog-it\/#\/schema\/person\/8293b8c9692591d18b2bbc2943fdade9\"\n\t            },\n\t            \"headline\": \"Rajapack Italia compie 10 anni e allarga gli uffici\",\n\t            \"datePublished\": \"2016-09-23T16:53:39+00:00\",\n\t            \"dateModified\": \"2025-03-10T15:06:40+00:00\",\n\t            \"mainEntityOfPage\": {\n\t                \"@id\": \"https:\/\/www.rajapack.it\/blog-it\/rajapack-italia-compie-10-anni-allarga-gli-uffici\"\n\t            },\n\t            \"wordCount\": 757,\n\t            \"commentCount\": 0,\n\t            \"publisher\": {\n\t                \"@id\": \"https:\/\/www.rajapack.it\/blog-it\/#organization\"\n\t            },\n\t            \"image\": {\n\t                \"@id\": \"https:\/\/www.rajapack.it\/blog-it\/rajapack-italia-compie-10-anni-allarga-gli-uffici#primaryimage\"\n\t            },\n\t            \"thumbnailUrl\": \"https:\/\/www.rajapack.it\/blog-it\/wp-content\/uploads\/2016\/09\/10-anni.jpg\",\n\t            \"articleSection\": [\n\t                \"Dicono di noi\"\n\t            ],\n\t            \"inLanguage\": \"it-IT\",\n\t            \"potentialAction\": [\n\t                {\n\t                    \"@type\": \"CommentAction\",\n\t                    \"name\": \"Comment\",\n\t                    \"target\": [\n\t                        \"https:\/\/www.rajapack.it\/blog-it\/rajapack-italia-compie-10-anni-allarga-gli-uffici#respond\"\n\t                    ]\n\t                }\n\t            ]\n\t        },\n\t        {\n\t            \"@type\": \"WebPage\",\n\t            \"@id\": \"https:\/\/www.rajapack.it\/blog-it\/rajapack-italia-compie-10-anni-allarga-gli-uffici\",\n\t            \"url\": \"https:\/\/www.rajapack.it\/blog-it\/rajapack-italia-compie-10-anni-allarga-gli-uffici\",\n\t            \"name\": \"Rajapack Italia compie 10 anni e allarga gli uffici - Blog Rajapack\",\n\t            \"isPartOf\": {\n\t                \"@id\": \"https:\/\/www.rajapack.it\/blog-it\/#website\"\n\t            },\n\t            \"primaryImageOfPage\": {\n\t                \"@id\": \"https:\/\/www.rajapack.it\/blog-it\/rajapack-italia-compie-10-anni-allarga-gli-uffici#primaryimage\"\n\t            },\n\t            \"image\": {\n\t                \"@id\": \"https:\/\/www.rajapack.it\/blog-it\/rajapack-italia-compie-10-anni-allarga-gli-uffici#primaryimage\"\n\t            },\n\t            \"thumbnailUrl\": \"https:\/\/www.rajapack.it\/blog-it\/wp-content\/uploads\/2016\/09\/10-anni.jpg\",\n\t            \"datePublished\": \"2016-09-23T16:53:39+00:00\",\n\t            \"dateModified\": \"2025-03-10T15:06:40+00:00\",\n\t            \"description\": \"Rajapack Italia festeggia 10 anni e svela i segreti della propria crescita a due cifre.\",\n\t            \"inLanguage\": \"it-IT\",\n\t            \"potentialAction\": [\n\t                {\n\t                    \"@type\": \"ReadAction\",\n\t                    \"target\": [\n\t                        \"https:\/\/www.rajapack.it\/blog-it\/rajapack-italia-compie-10-anni-allarga-gli-uffici\"\n\t                    ]\n\t                }\n\t            ]\n\t        },\n\t        {\n\t            \"@type\": \"ImageObject\",\n\t            \"inLanguage\": \"it-IT\",\n\t            \"@id\": \"https:\/\/www.rajapack.it\/blog-it\/rajapack-italia-compie-10-anni-allarga-gli-uffici#primaryimage\",\n\t            \"url\": \"https:\/\/www.rajapack.it\/blog-it\/wp-content\/uploads\/2016\/09\/10-anni.jpg\",\n\t            \"contentUrl\": \"https:\/\/www.rajapack.it\/blog-it\/wp-content\/uploads\/2016\/09\/10-anni.jpg\",\n\t            \"width\": 675,\n\t            \"height\": 546\n\t        },\n\t        {\n\t            \"@type\": \"WebSite\",\n\t            \"@id\": \"https:\/\/www.rajapack.it\/blog-it\/#website\",\n\t            \"url\": \"https:\/\/www.rajapack.it\/blog-it\/\",\n\t            \"name\": \"Blog Ufficiale RAJA | Il n\u00b0 1 Europeo dell\u2019imballaggio\",\n\t            \"description\": \"news dal mondo dell&#039;imballaggio\",\n\t            \"publisher\": {\n\t                \"@id\": \"https:\/\/www.rajapack.it\/blog-it\/#organization\"\n\t            },\n\t            \"potentialAction\": [\n\t                {\n\t                    \"@type\": \"SearchAction\",\n\t                    \"target\": {\n\t                        \"@type\": \"EntryPoint\",\n\t                        \"urlTemplate\": \"https:\/\/www.rajapack.it\/blog-it\/?s={search_term_string}\"\n\t                    },\n\t                    \"query-input\": \"required name=search_term_string\"\n\t                }\n\t            ],\n\t            \"inLanguage\": \"it-IT\"\n\t        },\n\t        {\n\t            \"@type\": \"Organization\",\n\t            \"@id\": \"https:\/\/www.rajapack.it\/blog-it\/#organization\",\n\t            \"name\": \"RAJA Blog IT\",\n\t            \"url\": \"https:\/\/www.rajapack.it\/blog-it\/\",\n\t            \"logo\": {\n\t                \"@type\": \"ImageObject\",\n\t                \"inLanguage\": \"it-IT\",\n\t                \"@id\": \"https:\/\/www.rajapack.it\/blog-it\/#\/schema\/logo\/image\/\",\n\t                \"url\": \"https:\/\/www.rajapack.it\/blog-it\/wp-content\/uploads\/2022\/07\/ico.png\",\n\t                \"contentUrl\": \"https:\/\/www.rajapack.it\/blog-it\/wp-content\/uploads\/2022\/07\/ico.png\",\n\t                \"width\": 512,\n\t                \"height\": 512,\n\t                \"caption\": \"RAJA Blog IT\"\n\t            },\n\t            \"image\": {\n\t                \"@id\": \"https:\/\/www.rajapack.it\/blog-it\/#\/schema\/logo\/image\/\"\n\t            },\n\t            \"sameAs\": [\n\t                \"https:\/\/www.facebook.com\/RajapackIT\",\n\t                \"https:\/\/x.com\/RajapackIT\",\n\t                \"http:\/\/www.linkedin.com\/company\/rajapack-italy\"\n\t            ]\n\t        },\n\t        {\n\t            \"@type\": \"Person\",\n\t            \"@id\": \"https:\/\/www.rajapack.it\/blog-it\/#\/schema\/person\/8293b8c9692591d18b2bbc2943fdade9\",\n\t            \"name\": \"Maria Tognon\",\n\t            \"image\": {\n\t                \"@type\": \"ImageObject\",\n\t                \"inLanguage\": \"it-IT\",\n\t                \"@id\": \"https:\/\/www.rajapack.it\/blog-it\/#\/schema\/person\/image\/\",\n\t                \"url\": \"https:\/\/secure.gravatar.com\/avatar\/68ed3f0a2f693fe28b5de06e0fc5ea50?s=96&d=mm&r=g\",\n\t                \"contentUrl\": \"https:\/\/secure.gravatar.com\/avatar\/68ed3f0a2f693fe28b5de06e0fc5ea50?s=96&d=mm&r=g\",\n\t                \"caption\": \"Maria Tognon\"\n\t            },\n\t            \"description\": \"Lorem Ipsum \u00e8 un testo segnaposto utilizzato nel settore della tipografia e della stampa.\"\n\t        }\n\t    ]\n\t}<\/script>\n","yoast_head_json":{"title":"Rajapack Italia compie 10 anni e allarga gli uffici - Blog Rajapack","description":"Rajapack Italia festeggia 10 anni e svela i segreti della propria crescita a due cifre.","robots":{"index":"index","follow":"follow","max-snippet":"max-snippet:-1","max-image-preview":"max-image-preview:large","max-video-preview":"max-video-preview:-1"},"canonical":"https:\/\/www.rajapack.it\/blog-it\/rajapack-italia-compie-10-anni-allarga-gli-uffici","og_locale":"it_IT","og_type":"article","og_title":"Rajapack Italia compie 10 anni e allarga gli uffici - Blog Rajapack","og_description":"Rajapack Italia festeggia 10 anni e svela i segreti della propria crescita a due cifre.","og_url":"https:\/\/www.rajapack.it\/blog-it\/rajapack-italia-compie-10-anni-allarga-gli-uffici","og_site_name":"Blog Ufficiale RAJA | Il n\u00b0 1 Europeo dell\u2019imballaggio","article_publisher":"https:\/\/www.facebook.com\/RajapackIT","article_published_time":"2016-09-23T16:53:39+00:00","article_modified_time":"2025-03-10T15:06:40+00:00","og_image":[{"width":675,"height":546,"url":"https:\/\/www.rajapack.it\/blog-it\/wp-content\/uploads\/2016\/09\/10-anni.jpg","type":"image\/jpeg"}],"author":"Maria Tognon","twitter_card":"summary_large_image","twitter_creator":"@RajapackIT","twitter_site":"@RajapackIT","twitter_misc":{"Scritto da":"Maria Tognon","Tempo di lettura stimato":"6 minuti"},"schema":{"@context":"https:\/\/schema.org","@graph":[{"@type":"Article","@id":"https:\/\/www.rajapack.it\/blog-it\/rajapack-italia-compie-10-anni-allarga-gli-uffici#article","isPartOf":{"@id":"https:\/\/www.rajapack.it\/blog-it\/rajapack-italia-compie-10-anni-allarga-gli-uffici"},"author":{"name":"Maria Tognon","@id":"https:\/\/www.rajapack.it\/blog-it\/#\/schema\/person\/8293b8c9692591d18b2bbc2943fdade9"},"headline":"Rajapack Italia compie 10 anni e allarga gli uffici","datePublished":"2016-09-23T16:53:39+00:00","dateModified":"2025-03-10T15:06:40+00:00","mainEntityOfPage":{"@id":"https:\/\/www.rajapack.it\/blog-it\/rajapack-italia-compie-10-anni-allarga-gli-uffici"},"wordCount":757,"commentCount":0,"publisher":{"@id":"https:\/\/www.rajapack.it\/blog-it\/#organization"},"image":{"@id":"https:\/\/www.rajapack.it\/blog-it\/rajapack-italia-compie-10-anni-allarga-gli-uffici#primaryimage"},"thumbnailUrl":"https:\/\/www.rajapack.it\/blog-it\/wp-content\/uploads\/2016\/09\/10-anni.jpg","articleSection":["Dicono di noi"],"inLanguage":"it-IT","potentialAction":[{"@type":"CommentAction","name":"Comment","target":["https:\/\/www.rajapack.it\/blog-it\/rajapack-italia-compie-10-anni-allarga-gli-uffici#respond"]}]},{"@type":"WebPage","@id":"https:\/\/www.rajapack.it\/blog-it\/rajapack-italia-compie-10-anni-allarga-gli-uffici","url":"https:\/\/www.rajapack.it\/blog-it\/rajapack-italia-compie-10-anni-allarga-gli-uffici","name":"Rajapack Italia compie 10 anni e allarga gli uffici - Blog Rajapack","isPartOf":{"@id":"https:\/\/www.rajapack.it\/blog-it\/#website"},"primaryImageOfPage":{"@id":"https:\/\/www.rajapack.it\/blog-it\/rajapack-italia-compie-10-anni-allarga-gli-uffici#primaryimage"},"image":{"@id":"https:\/\/www.rajapack.it\/blog-it\/rajapack-italia-compie-10-anni-allarga-gli-uffici#primaryimage"},"thumbnailUrl":"https:\/\/www.rajapack.it\/blog-it\/wp-content\/uploads\/2016\/09\/10-anni.jpg","datePublished":"2016-09-23T16:53:39+00:00","dateModified":"2025-03-10T15:06:40+00:00","description":"Rajapack Italia festeggia 10 anni e svela i segreti della propria crescita a due cifre.","inLanguage":"it-IT","potentialAction":[{"@type":"ReadAction","target":["https:\/\/www.rajapack.it\/blog-it\/rajapack-italia-compie-10-anni-allarga-gli-uffici"]}]},{"@type":"ImageObject","inLanguage":"it-IT","@id":"https:\/\/www.rajapack.it\/blog-it\/rajapack-italia-compie-10-anni-allarga-gli-uffici#primaryimage","url":"https:\/\/www.rajapack.it\/blog-it\/wp-content\/uploads\/2016\/09\/10-anni.jpg","contentUrl":"https:\/\/www.rajapack.it\/blog-it\/wp-content\/uploads\/2016\/09\/10-anni.jpg","width":675,"height":546},{"@type":"WebSite","@id":"https:\/\/www.rajapack.it\/blog-it\/#website","url":"https:\/\/www.rajapack.it\/blog-it\/","name":"Blog Ufficiale RAJA | Il n\u00b0 1 Europeo dell\u2019imballaggio","description":"news dal mondo dell&#039;imballaggio","publisher":{"@id":"https:\/\/www.rajapack.it\/blog-it\/#organization"},"potentialAction":[{"@type":"SearchAction","target":{"@type":"EntryPoint","urlTemplate":"https:\/\/www.rajapack.it\/blog-it\/?s={search_term_string}"},"query-input":"required name=search_term_string"}],"inLanguage":"it-IT"},{"@type":"Organization","@id":"https:\/\/www.rajapack.it\/blog-it\/#organization","name":"RAJA Blog IT","url":"https:\/\/www.rajapack.it\/blog-it\/","logo":{"@type":"ImageObject","inLanguage":"it-IT","@id":"https:\/\/www.rajapack.it\/blog-it\/#\/schema\/logo\/image\/","url":"https:\/\/www.rajapack.it\/blog-it\/wp-content\/uploads\/2022\/07\/ico.png","contentUrl":"https:\/\/www.rajapack.it\/blog-it\/wp-content\/uploads\/2022\/07\/ico.png","width":512,"height":512,"caption":"RAJA Blog IT"},"image":{"@id":"https:\/\/www.rajapack.it\/blog-it\/#\/schema\/logo\/image\/"},"sameAs":["https:\/\/www.facebook.com\/RajapackIT","https:\/\/x.com\/RajapackIT","http:\/\/www.linkedin.com\/company\/rajapack-italy"]},{"@type":"Person","@id":"https:\/\/www.rajapack.it\/blog-it\/#\/schema\/person\/8293b8c9692591d18b2bbc2943fdade9","name":"Maria Tognon","image":{"@type":"ImageObject","inLanguage":"it-IT","@id":"https:\/\/www.rajapack.it\/blog-it\/#\/schema\/person\/image\/","url":"https:\/\/secure.gravatar.com\/avatar\/68ed3f0a2f693fe28b5de06e0fc5ea50?s=96&d=mm&r=g","contentUrl":"https:\/\/secure.gravatar.com\/avatar\/68ed3f0a2f693fe28b5de06e0fc5ea50?s=96&d=mm&r=g","caption":"Maria Tognon"},"description":"Lorem Ipsum \u00e8 un testo segnaposto utilizzato nel settore della tipografia e della stampa."}]}},"_links":{"self":[{"href":"https:\/\/www.rajapack.it\/blog-it\/wp-json\/wp\/v2\/posts\/2186"}],"collection":[{"href":"https:\/\/www.rajapack.it\/blog-it\/wp-json\/wp\/v2\/posts"}],"about":[{"href":"https:\/\/www.rajapack.it\/blog-it\/wp-json\/wp\/v2\/types\/post"}],"author":[{"embeddable":true,"href":"https:\/\/www.rajapack.it\/blog-it\/wp-json\/wp\/v2\/users\/24"}],"replies":[{"embeddable":true,"href":"https:\/\/www.rajapack.it\/blog-it\/wp-json\/wp\/v2\/comments?post=2186"}],"version-history":[{"count":0,"href":"https:\/\/www.rajapack.it\/blog-it\/wp-json\/wp\/v2\/posts\/2186\/revisions"}],"wp:featuredmedia":[{"embeddable":true,"href":"https:\/\/www.rajapack.it\/blog-it\/wp-json\/wp\/v2\/media\/2197"}],"wp:attachment":[{"href":"https:\/\/www.rajapack.it\/blog-it\/wp-json\/wp\/v2\/media?parent=2186"}],"wp:term":[{"taxonomy":"category","embeddable":true,"href":"https:\/\/www.rajapack.it\/blog-it\/wp-json\/wp\/v2\/categories?post=2186"},{"taxonomy":"post_tag","embeddable":true,"href":"https:\/\/www.rajapack.it\/blog-it\/wp-json\/wp\/v2\/tags?post=2186"}],"curies":[{"name":"wp","href":"https:\/\/api.w.org\/{rel}","templated":true}]}}