{"id":2287,"date":"2017-02-24T16:00:28","date_gmt":"2017-02-24T15:00:28","guid":{"rendered":"https:\/\/www.rajapack.it\/blog-it\/?p=2287"},"modified":"2022-11-11T13:03:03","modified_gmt":"2022-11-11T12:03:03","slug":"zanardi-intervistata-da-rassegna-dellimballaggio","status":"publish","type":"post","link":"https:\/\/www.rajapack.it\/blog-it\/zanardi-intervistata-da-rassegna-dellimballaggio","title":{"rendered":"Rassegna dell&#8217;imballaggio racconta Rajapack"},"content":{"rendered":"<h1 align=\"LEFT\">L&#8217;intervista di Rassegna dell&#8217;Imballaggio<\/h1>\n<p><b><\/b>I numeri parlano chiaro: il fatturato 2016 ha superato i 500 milioni di euro, la rete distributiva conta una presenza capillare in 17 Paesi europei e serve 700.000 clienti. In questa intervista, Lorenza Zanardi, Direttore Generale Rajapack Italia, racconta di forza e le strategie di questa realt\u00e0 unica.<\/p>\n<p align=\"LEFT\"><strong>Ci parla del Gruppo RAJA in termini di mission e filosofia aziendale?<\/strong><\/p>\n<p align=\"LEFT\">Come Gruppo RAJA, siamo leader in Europa nella distribuzione di imballaggi. Ovunque siamo conosciuti per la cultura del cliente e del servizio, per l\u2019impulso all\u2019innovazione e la competenza dei nostri 1.600 collaboratori. Crediamo fermamente che creare buone condizioni di lavoro porti a risultati eccellenti. Per questa ragione in Francia \u00e8 nato RAJABest, un programma che promuove costanti investimenti nella formazione e nella crescita professionale di ciascuno, tutelando la salute e il benessere di tutti senza dimenticare di creare momenti di convivialit\u00e0 e condivisione. Questo investimento ci ha portati ad avere gruppi di lavoro motivati, produttivi e inclini alla sperimentazione.<\/p>\n<p align=\"LEFT\"><strong>Nella vostra storia aziendale, avete fatto del vostro essere un\u2019azienda al femminile un punto di forza, ci pu\u00f2 spiegare perch\u00e9?<\/strong><\/p>\n<p align=\"LEFT\">La storia del Gruppo RAJA \u00e8 innanzitutto una storia di donne. RAJA \u00e8 l\u2019acronimo di Rachel e Janine, due ostinate signore francesi che sono riuscite ad aprire nel 1954 una propria societ\u00e0, Les Cartons Raja, nel mondo prettamente maschile degli imballaggi. La guida dell\u2019impresa \u00e8 poi passata a Dani\u00e8le Kapel-Marcovici, l\u2019attuale presidente, una donna intraprendente, che ha saputo scorgere nell\u2019espansione europea la chiave per la crescita. Anche in Italia portiamo avanti la tradizione attraverso la mia direzione e uno staff al 60% al femminile. Innanzitutto tengo a precisare che tra i miei collaboratori ci sono sia donne che uomini capaci. Se per\u00f2 devo individuare alcuni tratti comuni tra noi donne, indicherei il senso di responsabilit\u00e0, l\u2019amore per il dettaglio, il senso del servizio, che \u00e8 poi uno dei plus del gruppo, ma anche la sensibilit\u00e0 nel cogliere il cambiamento\u2026abbiamo le antenne! Last but not least credo che molte madri abbiano alcune skills come il problem solving o la capacit\u00e0 di dire \u201cNO\u201d, che possono essere esportate con successo all\u2019ambito lavorativo.<\/p>\n<p align=\"LEFT\"><strong>Quali sono le caratteristiche pi\u00f9 interessanti e apprezzate della <\/strong><strong>vostra offerta? Quali connotazioni contraddistinguono la vostra <\/strong><strong>offerta-prodotto?<\/strong><\/p>\n<p align=\"LEFT\">I clienti apprezzano molto l\u2019omnicanalit\u00e0, la possibilit\u00e0 di farci domande e poi ordinare attraverso il mezzo che preferiscono: il catalogo, il telefono, l\u2019e-mail, il sito, la chat, i social media\u2026Ma soprattutto amano la velocit\u00e0; i nostri 4.000 prodotti, sempre a stock, sono consegnati in 24\/48h, in alcune citt\u00e0 anche entro le h. 10.30 del mattino successivo all\u2019ordine e i nostri esperti di imballaggio forniscono risposte e preventivi rapidi. Sanno inoltre di potersi fidare della qualit\u00e0 dei prodotti a marchio RAJA, controllata scrupolosamente, e stimano la nostra capacit\u00e0 di creare soluzioni taylor-made, sia per il piccolo artigiano, sia per la grande multinazionale. Per numerosi gruppi di rilievo realizziamo consegne multi-sito, effettuiamo stock di imballi personalizzati e progettiamo sistemi di imballaggio complessi, che permettono di risparmiare spazio in magazzino, velocizzando contemporaneamente l\u2019intero processo di imballaggio. Il vostro sito, Rajapack.it, \u00e8 stato eletto il miglior e-commerce italiano per il commercio alle imprese nel 2016.<\/p>\n<p align=\"LEFT\"><strong>Quali sono le motivazioni che stanno dietro questo riconoscimento? Che valore haavuto l\u2019e-commerce per il successo del vostro business?<\/strong><\/p>\n<p align=\"LEFT\">Il nostro sito \u00e8 stato eletto miglior e-commerce italiano per il commercio alle imprese da Netcomm perch\u00e9 ha saputo portare la facilit\u00e0 e l\u2019usabilit\u00e0 dell\u2019esperienza di navigazione del B2C anche nel B2B. Chiave del successo sono stati alcuni strumenti innovativi introdotti come il RAJAPRINT, che permette di visualizzare un\u2019anteprima dei propri nastri o le proprie shopper personalizzate, prima di procedere con l\u2019ordine o i motori di ricerca RAJABOX e RAJABAG, che consentono di individuare in pochi click il proprio formato di scatola o sacchetto tra migliaia di formati. Un\u2019altra caratteristica del nostro sito molto apprezzata \u00e8 la possibilit\u00e0 per i grandi clienti di avere on-line i prezzi annuali concordati, una volta loggati, oltre ad altri servizi personalizzati che permettono di risparmiare tempo. Questo costante spirito di innovazione paga, basti pensare che nel 2007 il nostro sito e-commerce contribuiva al fatturato solo per il 12% mentre nell\u2019ultimo anno ha raggiunto il 35%. Sempre nel 2007 solo il 24% dei nuovi clienti sceglieva il sito per inserire il primo ordine, oggi questo valore \u00e8 salito all\u201980%. Se qualcuno fosse interessato ad approfondire nel dettaglio i benefici dell\u2019e-commerce per l\u2019azienda, ho scritto un capitolo del libro \u201cE-commerce B2B Le opportunit\u00e0, gli strumenti e i casi di successo nell\u2019e-commerce B2B e B2Retail\u201d, edito da Franco Angeli a fine 2016 e curato da Netcomm.<\/p>\n<p align=\"LEFT\"><a href=\"http:\/\/www.rajaprint.it\"><img loading=\"lazy\" decoding=\"async\" class=\"aligncenter wp-image-2303 size-full\" src=\"https:\/\/www.rajapack.it\/blog-it\/wp-content\/uploads\/2017\/02\/Immagine1.jpg\" alt=\"Rajaprint\" width=\"1222\" height=\"1125\" \/><\/a><\/p>\n<p align=\"LEFT\"><strong>L\u2019attenzione all\u2019ambiente \u00e8 da sempre nelle vostre strategie aziendali. In che modo attuate questa policy focalizzata al rispetto dell\u2019ambiente?<\/strong><\/p>\n<p align=\"LEFT\">Da anni siamo certificati ISO 14001, ma il nostro impegno va oltre, siamo un partner eco-responsabile! Aggiungiamo continuamente alternative verdi ai nostri imballi. I clienti, specialmente i gruppi con una politica ecologica, possono sempre scegliere il sacchetto o la scatola riciclata al posto di quelli standard. Favoriamo le innovazioni green. Nel 2015 Geami\u00ae, la nostra macchina che crea una protezione in carta con propriet\u00e0 analoghe a quelle del film a bolle in plastica, ha vinto l\u2019Oscar dell\u2019Imballaggio assegnato dalla societ\u00e0 G.I.S.I. (Francia). Preferiamo servirci prevalentemente di fornitori europei (oltre il 90%), rispettosi delle normative ambientali vigenti. Inoltre, sensibilizziamo tutti i nostri collaboratori ad adottare comportamenti virtuosi che favoriscono il risparmio energetico.<\/p>\n<p align=\"LEFT\"><a href=\"https:\/\/www.rajapack.it\/imballaggi-ecologici.html\"><img loading=\"lazy\" decoding=\"async\" class=\"aligncenter wp-image-2302 size-full\" title=\" Imballaggi ecologici\" src=\"https:\/\/www.rajapack.it\/blog-it\/wp-content\/uploads\/2017\/02\/Immagine2.jpg\" alt=\"imballaggi ecologici Rajapack\" width=\"1225\" height=\"1125\" \/><\/a><\/p>\n<p align=\"LEFT\"><strong>Il vostro approccio alla sostenibilit\u00e0 non \u00e8 soltanto dal punto di vista ambientale. La Fondazione Raja \u00e8 uno strumento adeguato per esprimere una responsabilit\u00e0 sociale d\u2019impresa che va oltre la semplice salvaguardia ambientale. Quali sono i progetti che avete portato avanti?<\/strong><\/p>\n<p align=\"LEFT\">Credo che l\u2019azienda debba avere un ruolo sociale oltre che economico. Da oltre 10 anni la nostra Fondation RAJA si impegna per difendere i diritti delle donne e prevenire la violenza di genere, con uno stanziamento che ha superato i 4M\u20ac. In particolare nell\u2019ultimo anno sono stati portati avanti progetti eco-solidali, in numerosi paesi del terzo mondo dove le donne sono le prime vittime dei cambiamenti climatici. Abbiamo insegnato a numerose comunit\u00e0 sistemi per l\u2019avviamento di un\u2019agricoltura ecosostenibile, capace di portare sostentamento alle famiglie, senza nuocere alla loro salute e a quella dei consumatori finali. Questi progetti continueranno anche nel 2017 e cercheremo di svilupparli anche in Italia. Ad oggi stiamo vagliando diversi ambiti di intervento, primo tra tutti la violenza di genere, problematica che sentiamo particolarmente e per la quale vorremmo, nel nostro piccolo, agire in prima persona.<\/p>\n<p>&nbsp;<\/p>\n<p>&nbsp;<\/p>\n","protected":false},"excerpt":{"rendered":"<p>L&#8217;intervista di Rassegna dell&#8217;Imballaggio I numeri parlano chiaro: il fatturato 2016 ha superato i 500 milioni di euro, la rete distributiva conta una presenza capillare in 17 Paesi europei e [&#8230;]<\/p>\n","protected":false},"author":24,"featured_media":4523,"comment_status":"open","ping_status":"open","sticky":false,"template":"","format":"standard","meta":{"_acf_changed":false,"footnotes":""},"categories":[4],"tags":[],"class_list":["post-2287","post","type-post","status-publish","format-standard","has-post-thumbnail","hentry","category-news-eventi"],"acf":[],"yoast_head":"\n<title>Rassegna dell&#039;imballaggio svela i segreti del successo di Rajapack<\/title>\n<meta name=\"description\" content=\"Rassegna dell&#039;Imballaggio pubblica un&#039;intervista a Zanardi, il direttore Rajapack che parla dei segreti del successo del pi\u00f9 grande di imballaggi.\" \/>\n<meta name=\"robots\" content=\"index, follow, max-snippet:-1, max-image-preview:large, max-video-preview:-1\" \/>\n<link rel=\"canonical\" href=\"https:\/\/www.rajapack.it\/blog-it\/zanardi-intervistata-da-rassegna-dellimballaggio\" \/>\n<meta property=\"og:locale\" content=\"it_IT\" \/>\n<meta property=\"og:type\" content=\"article\" \/>\n<meta property=\"og:title\" content=\"Rassegna dell&#039;imballaggio svela i segreti del successo di Rajapack\" \/>\n<meta property=\"og:description\" content=\"Rassegna dell&#039;Imballaggio pubblica un&#039;intervista a Zanardi, il direttore Rajapack che parla dei segreti del successo del pi\u00f9 grande di imballaggi.\" \/>\n<meta property=\"og:url\" content=\"https:\/\/www.rajapack.it\/blog-it\/zanardi-intervistata-da-rassegna-dellimballaggio\" \/>\n<meta property=\"og:site_name\" content=\"Blog Ufficiale RAJA | Il n\u00b0 1 Europeo dell\u2019imballaggio\" \/>\n<meta property=\"article:publisher\" content=\"https:\/\/www.facebook.com\/RajapackIT\" \/>\n<meta property=\"article:published_time\" content=\"2017-02-24T15:00:28+00:00\" \/>\n<meta property=\"article:modified_time\" content=\"2022-11-11T12:03:03+00:00\" \/>\n<meta property=\"og:image\" content=\"https:\/\/www.rajapack.it\/blog-it\/wp-content\/uploads\/2017\/02\/rassegna-dellimballaggio.jpg\" \/>\n\t<meta property=\"og:image:width\" content=\"939\" \/>\n\t<meta property=\"og:image:height\" content=\"606\" \/>\n\t<meta property=\"og:image:type\" content=\"image\/jpeg\" \/>\n<meta name=\"author\" content=\"Maria Tognon\" \/>\n<meta name=\"twitter:card\" content=\"summary_large_image\" \/>\n<meta name=\"twitter:creator\" content=\"@RajapackIT\" \/>\n<meta name=\"twitter:site\" content=\"@RajapackIT\" \/>\n<meta name=\"twitter:label1\" content=\"Scritto da\" \/>\n\t<meta name=\"twitter:data1\" content=\"Maria Tognon\" \/>\n\t<meta name=\"twitter:label2\" content=\"Tempo di lettura stimato\" \/>\n\t<meta name=\"twitter:data2\" content=\"7 minuti\" \/>\n<script type=\"application\/ld+json\" class=\"yoast-schema-graph\">{\n\t    \"@context\": \"https:\/\/schema.org\",\n\t    \"@graph\": [\n\t        {\n\t            \"@type\": \"Article\",\n\t            \"@id\": \"https:\/\/www.rajapack.it\/blog-it\/zanardi-intervistata-da-rassegna-dellimballaggio#article\",\n\t            \"isPartOf\": {\n\t                \"@id\": \"https:\/\/www.rajapack.it\/blog-it\/zanardi-intervistata-da-rassegna-dellimballaggio\"\n\t            },\n\t            \"author\": {\n\t                \"name\": \"Maria Tognon\",\n\t                \"@id\": \"https:\/\/www.rajapack.it\/blog-it\/#\/schema\/person\/8293b8c9692591d18b2bbc2943fdade9\"\n\t            },\n\t            \"headline\": \"Rassegna dell&#8217;imballaggio racconta Rajapack\",\n\t            \"datePublished\": \"2017-02-24T15:00:28+00:00\",\n\t            \"dateModified\": \"2022-11-11T12:03:03+00:00\",\n\t            \"mainEntityOfPage\": {\n\t                \"@id\": \"https:\/\/www.rajapack.it\/blog-it\/zanardi-intervistata-da-rassegna-dellimballaggio\"\n\t            },\n\t            \"wordCount\": 1090,\n\t            \"commentCount\": 0,\n\t            \"publisher\": {\n\t                \"@id\": \"https:\/\/www.rajapack.it\/blog-it\/#organization\"\n\t            },\n\t            \"image\": {\n\t                \"@id\": \"https:\/\/www.rajapack.it\/blog-it\/zanardi-intervistata-da-rassegna-dellimballaggio#primaryimage\"\n\t            },\n\t            \"thumbnailUrl\": \"https:\/\/www.rajapack.it\/blog-it\/wp-content\/uploads\/2017\/02\/rassegna-dellimballaggio.jpg\",\n\t            \"articleSection\": [\n\t                \"Dicono di noi\"\n\t            ],\n\t            \"inLanguage\": \"it-IT\",\n\t            \"potentialAction\": [\n\t                {\n\t                    \"@type\": \"CommentAction\",\n\t                    \"name\": \"Comment\",\n\t                    \"target\": [\n\t                        \"https:\/\/www.rajapack.it\/blog-it\/zanardi-intervistata-da-rassegna-dellimballaggio#respond\"\n\t                    ]\n\t                }\n\t            ]\n\t        },\n\t        {\n\t            \"@type\": \"WebPage\",\n\t            \"@id\": \"https:\/\/www.rajapack.it\/blog-it\/zanardi-intervistata-da-rassegna-dellimballaggio\",\n\t            \"url\": \"https:\/\/www.rajapack.it\/blog-it\/zanardi-intervistata-da-rassegna-dellimballaggio\",\n\t            \"name\": \"Rassegna dell'imballaggio svela i segreti del successo di Rajapack\",\n\t            \"isPartOf\": {\n\t                \"@id\": \"https:\/\/www.rajapack.it\/blog-it\/#website\"\n\t            },\n\t            \"primaryImageOfPage\": {\n\t                \"@id\": \"https:\/\/www.rajapack.it\/blog-it\/zanardi-intervistata-da-rassegna-dellimballaggio#primaryimage\"\n\t            },\n\t            \"image\": {\n\t                \"@id\": \"https:\/\/www.rajapack.it\/blog-it\/zanardi-intervistata-da-rassegna-dellimballaggio#primaryimage\"\n\t            },\n\t            \"thumbnailUrl\": \"https:\/\/www.rajapack.it\/blog-it\/wp-content\/uploads\/2017\/02\/rassegna-dellimballaggio.jpg\",\n\t            \"datePublished\": \"2017-02-24T15:00:28+00:00\",\n\t            \"dateModified\": \"2022-11-11T12:03:03+00:00\",\n\t            \"description\": \"Rassegna dell'Imballaggio pubblica un'intervista a Zanardi, il direttore Rajapack che parla dei segreti del successo del pi\u00f9 grande di imballaggi.\",\n\t            \"inLanguage\": \"it-IT\",\n\t            \"potentialAction\": [\n\t                {\n\t                    \"@type\": \"ReadAction\",\n\t                    \"target\": [\n\t                        \"https:\/\/www.rajapack.it\/blog-it\/zanardi-intervistata-da-rassegna-dellimballaggio\"\n\t                    ]\n\t                }\n\t            ]\n\t        },\n\t        {\n\t            \"@type\": \"ImageObject\",\n\t            \"inLanguage\": \"it-IT\",\n\t            \"@id\": \"https:\/\/www.rajapack.it\/blog-it\/zanardi-intervistata-da-rassegna-dellimballaggio#primaryimage\",\n\t            \"url\": \"https:\/\/www.rajapack.it\/blog-it\/wp-content\/uploads\/2017\/02\/rassegna-dellimballaggio.jpg\",\n\t            \"contentUrl\": \"https:\/\/www.rajapack.it\/blog-it\/wp-content\/uploads\/2017\/02\/rassegna-dellimballaggio.jpg\",\n\t            \"width\": 939,\n\t            \"height\": 606\n\t        },\n\t        {\n\t            \"@type\": \"WebSite\",\n\t            \"@id\": \"https:\/\/www.rajapack.it\/blog-it\/#website\",\n\t            \"url\": \"https:\/\/www.rajapack.it\/blog-it\/\",\n\t            \"name\": \"Blog Ufficiale RAJA | Il n\u00b0 1 Europeo dell\u2019imballaggio\",\n\t            \"description\": \"news dal mondo dell&#039;imballaggio\",\n\t            \"publisher\": {\n\t                \"@id\": \"https:\/\/www.rajapack.it\/blog-it\/#organization\"\n\t            },\n\t            \"potentialAction\": [\n\t                {\n\t                    \"@type\": \"SearchAction\",\n\t                    \"target\": {\n\t                        \"@type\": \"EntryPoint\",\n\t                        \"urlTemplate\": \"https:\/\/www.rajapack.it\/blog-it\/?s={search_term_string}\"\n\t                    },\n\t                    \"query-input\": \"required name=search_term_string\"\n\t                }\n\t            ],\n\t            \"inLanguage\": \"it-IT\"\n\t        },\n\t        {\n\t            \"@type\": \"Organization\",\n\t            \"@id\": \"https:\/\/www.rajapack.it\/blog-it\/#organization\",\n\t            \"name\": \"RAJA Blog IT\",\n\t            \"url\": \"https:\/\/www.rajapack.it\/blog-it\/\",\n\t            \"logo\": {\n\t                \"@type\": \"ImageObject\",\n\t                \"inLanguage\": \"it-IT\",\n\t                \"@id\": \"https:\/\/www.rajapack.it\/blog-it\/#\/schema\/logo\/image\/\",\n\t                \"url\": \"https:\/\/www.rajapack.it\/blog-it\/wp-content\/uploads\/2022\/07\/ico.png\",\n\t                \"contentUrl\": \"https:\/\/www.rajapack.it\/blog-it\/wp-content\/uploads\/2022\/07\/ico.png\",\n\t                \"width\": 512,\n\t                \"height\": 512,\n\t                \"caption\": \"RAJA Blog IT\"\n\t            },\n\t            \"image\": {\n\t                \"@id\": \"https:\/\/www.rajapack.it\/blog-it\/#\/schema\/logo\/image\/\"\n\t            },\n\t            \"sameAs\": [\n\t                \"https:\/\/www.facebook.com\/RajapackIT\",\n\t                \"https:\/\/x.com\/RajapackIT\",\n\t                \"http:\/\/www.linkedin.com\/company\/rajapack-italy\"\n\t            ]\n\t        },\n\t        {\n\t            \"@type\": \"Person\",\n\t            \"@id\": \"https:\/\/www.rajapack.it\/blog-it\/#\/schema\/person\/8293b8c9692591d18b2bbc2943fdade9\",\n\t            \"name\": \"Maria Tognon\",\n\t            \"image\": {\n\t                \"@type\": \"ImageObject\",\n\t                \"inLanguage\": \"it-IT\",\n\t                \"@id\": \"https:\/\/www.rajapack.it\/blog-it\/#\/schema\/person\/image\/\",\n\t                \"url\": \"https:\/\/secure.gravatar.com\/avatar\/68ed3f0a2f693fe28b5de06e0fc5ea50?s=96&d=mm&r=g\",\n\t                \"contentUrl\": \"https:\/\/secure.gravatar.com\/avatar\/68ed3f0a2f693fe28b5de06e0fc5ea50?s=96&d=mm&r=g\",\n\t                \"caption\": \"Maria Tognon\"\n\t            },\n\t            \"description\": \"Lorem Ipsum \u00e8 un testo segnaposto utilizzato nel settore della tipografia e della stampa.\"\n\t        }\n\t    ]\n\t}<\/script>\n","yoast_head_json":{"title":"Rassegna dell'imballaggio svela i segreti del successo di Rajapack","description":"Rassegna dell'Imballaggio pubblica un'intervista a Zanardi, il direttore Rajapack che parla dei segreti del successo del pi\u00f9 grande di imballaggi.","robots":{"index":"index","follow":"follow","max-snippet":"max-snippet:-1","max-image-preview":"max-image-preview:large","max-video-preview":"max-video-preview:-1"},"canonical":"https:\/\/www.rajapack.it\/blog-it\/zanardi-intervistata-da-rassegna-dellimballaggio","og_locale":"it_IT","og_type":"article","og_title":"Rassegna dell'imballaggio svela i segreti del successo di Rajapack","og_description":"Rassegna dell'Imballaggio pubblica un'intervista a Zanardi, il direttore Rajapack che parla dei segreti del successo del pi\u00f9 grande di imballaggi.","og_url":"https:\/\/www.rajapack.it\/blog-it\/zanardi-intervistata-da-rassegna-dellimballaggio","og_site_name":"Blog Ufficiale RAJA | Il n\u00b0 1 Europeo dell\u2019imballaggio","article_publisher":"https:\/\/www.facebook.com\/RajapackIT","article_published_time":"2017-02-24T15:00:28+00:00","article_modified_time":"2022-11-11T12:03:03+00:00","og_image":[{"width":939,"height":606,"url":"https:\/\/www.rajapack.it\/blog-it\/wp-content\/uploads\/2017\/02\/rassegna-dellimballaggio.jpg","type":"image\/jpeg"}],"author":"Maria Tognon","twitter_card":"summary_large_image","twitter_creator":"@RajapackIT","twitter_site":"@RajapackIT","twitter_misc":{"Scritto da":"Maria Tognon","Tempo di lettura stimato":"7 minuti"},"schema":{"@context":"https:\/\/schema.org","@graph":[{"@type":"Article","@id":"https:\/\/www.rajapack.it\/blog-it\/zanardi-intervistata-da-rassegna-dellimballaggio#article","isPartOf":{"@id":"https:\/\/www.rajapack.it\/blog-it\/zanardi-intervistata-da-rassegna-dellimballaggio"},"author":{"name":"Maria Tognon","@id":"https:\/\/www.rajapack.it\/blog-it\/#\/schema\/person\/8293b8c9692591d18b2bbc2943fdade9"},"headline":"Rassegna dell&#8217;imballaggio racconta Rajapack","datePublished":"2017-02-24T15:00:28+00:00","dateModified":"2022-11-11T12:03:03+00:00","mainEntityOfPage":{"@id":"https:\/\/www.rajapack.it\/blog-it\/zanardi-intervistata-da-rassegna-dellimballaggio"},"wordCount":1090,"commentCount":0,"publisher":{"@id":"https:\/\/www.rajapack.it\/blog-it\/#organization"},"image":{"@id":"https:\/\/www.rajapack.it\/blog-it\/zanardi-intervistata-da-rassegna-dellimballaggio#primaryimage"},"thumbnailUrl":"https:\/\/www.rajapack.it\/blog-it\/wp-content\/uploads\/2017\/02\/rassegna-dellimballaggio.jpg","articleSection":["Dicono di noi"],"inLanguage":"it-IT","potentialAction":[{"@type":"CommentAction","name":"Comment","target":["https:\/\/www.rajapack.it\/blog-it\/zanardi-intervistata-da-rassegna-dellimballaggio#respond"]}]},{"@type":"WebPage","@id":"https:\/\/www.rajapack.it\/blog-it\/zanardi-intervistata-da-rassegna-dellimballaggio","url":"https:\/\/www.rajapack.it\/blog-it\/zanardi-intervistata-da-rassegna-dellimballaggio","name":"Rassegna dell'imballaggio svela i segreti del successo di Rajapack","isPartOf":{"@id":"https:\/\/www.rajapack.it\/blog-it\/#website"},"primaryImageOfPage":{"@id":"https:\/\/www.rajapack.it\/blog-it\/zanardi-intervistata-da-rassegna-dellimballaggio#primaryimage"},"image":{"@id":"https:\/\/www.rajapack.it\/blog-it\/zanardi-intervistata-da-rassegna-dellimballaggio#primaryimage"},"thumbnailUrl":"https:\/\/www.rajapack.it\/blog-it\/wp-content\/uploads\/2017\/02\/rassegna-dellimballaggio.jpg","datePublished":"2017-02-24T15:00:28+00:00","dateModified":"2022-11-11T12:03:03+00:00","description":"Rassegna dell'Imballaggio pubblica un'intervista a Zanardi, il direttore Rajapack che parla dei segreti del successo del pi\u00f9 grande di imballaggi.","inLanguage":"it-IT","potentialAction":[{"@type":"ReadAction","target":["https:\/\/www.rajapack.it\/blog-it\/zanardi-intervistata-da-rassegna-dellimballaggio"]}]},{"@type":"ImageObject","inLanguage":"it-IT","@id":"https:\/\/www.rajapack.it\/blog-it\/zanardi-intervistata-da-rassegna-dellimballaggio#primaryimage","url":"https:\/\/www.rajapack.it\/blog-it\/wp-content\/uploads\/2017\/02\/rassegna-dellimballaggio.jpg","contentUrl":"https:\/\/www.rajapack.it\/blog-it\/wp-content\/uploads\/2017\/02\/rassegna-dellimballaggio.jpg","width":939,"height":606},{"@type":"WebSite","@id":"https:\/\/www.rajapack.it\/blog-it\/#website","url":"https:\/\/www.rajapack.it\/blog-it\/","name":"Blog Ufficiale RAJA | Il n\u00b0 1 Europeo dell\u2019imballaggio","description":"news dal mondo dell&#039;imballaggio","publisher":{"@id":"https:\/\/www.rajapack.it\/blog-it\/#organization"},"potentialAction":[{"@type":"SearchAction","target":{"@type":"EntryPoint","urlTemplate":"https:\/\/www.rajapack.it\/blog-it\/?s={search_term_string}"},"query-input":"required name=search_term_string"}],"inLanguage":"it-IT"},{"@type":"Organization","@id":"https:\/\/www.rajapack.it\/blog-it\/#organization","name":"RAJA Blog IT","url":"https:\/\/www.rajapack.it\/blog-it\/","logo":{"@type":"ImageObject","inLanguage":"it-IT","@id":"https:\/\/www.rajapack.it\/blog-it\/#\/schema\/logo\/image\/","url":"https:\/\/www.rajapack.it\/blog-it\/wp-content\/uploads\/2022\/07\/ico.png","contentUrl":"https:\/\/www.rajapack.it\/blog-it\/wp-content\/uploads\/2022\/07\/ico.png","width":512,"height":512,"caption":"RAJA Blog IT"},"image":{"@id":"https:\/\/www.rajapack.it\/blog-it\/#\/schema\/logo\/image\/"},"sameAs":["https:\/\/www.facebook.com\/RajapackIT","https:\/\/x.com\/RajapackIT","http:\/\/www.linkedin.com\/company\/rajapack-italy"]},{"@type":"Person","@id":"https:\/\/www.rajapack.it\/blog-it\/#\/schema\/person\/8293b8c9692591d18b2bbc2943fdade9","name":"Maria Tognon","image":{"@type":"ImageObject","inLanguage":"it-IT","@id":"https:\/\/www.rajapack.it\/blog-it\/#\/schema\/person\/image\/","url":"https:\/\/secure.gravatar.com\/avatar\/68ed3f0a2f693fe28b5de06e0fc5ea50?s=96&d=mm&r=g","contentUrl":"https:\/\/secure.gravatar.com\/avatar\/68ed3f0a2f693fe28b5de06e0fc5ea50?s=96&d=mm&r=g","caption":"Maria Tognon"},"description":"Lorem Ipsum \u00e8 un testo segnaposto utilizzato nel settore della tipografia e della stampa."}]}},"_links":{"self":[{"href":"https:\/\/www.rajapack.it\/blog-it\/wp-json\/wp\/v2\/posts\/2287"}],"collection":[{"href":"https:\/\/www.rajapack.it\/blog-it\/wp-json\/wp\/v2\/posts"}],"about":[{"href":"https:\/\/www.rajapack.it\/blog-it\/wp-json\/wp\/v2\/types\/post"}],"author":[{"embeddable":true,"href":"https:\/\/www.rajapack.it\/blog-it\/wp-json\/wp\/v2\/users\/24"}],"replies":[{"embeddable":true,"href":"https:\/\/www.rajapack.it\/blog-it\/wp-json\/wp\/v2\/comments?post=2287"}],"version-history":[{"count":0,"href":"https:\/\/www.rajapack.it\/blog-it\/wp-json\/wp\/v2\/posts\/2287\/revisions"}],"wp:featuredmedia":[{"embeddable":true,"href":"https:\/\/www.rajapack.it\/blog-it\/wp-json\/wp\/v2\/media\/4523"}],"wp:attachment":[{"href":"https:\/\/www.rajapack.it\/blog-it\/wp-json\/wp\/v2\/media?parent=2287"}],"wp:term":[{"taxonomy":"category","embeddable":true,"href":"https:\/\/www.rajapack.it\/blog-it\/wp-json\/wp\/v2\/categories?post=2287"},{"taxonomy":"post_tag","embeddable":true,"href":"https:\/\/www.rajapack.it\/blog-it\/wp-json\/wp\/v2\/tags?post=2287"}],"curies":[{"name":"wp","href":"https:\/\/api.w.org\/{rel}","templated":true}]}}