{"id":4538,"date":"2022-11-22T12:42:50","date_gmt":"2022-11-22T11:42:50","guid":{"rendered":"https:\/\/www.rajapack.it\/blog-it\/?p=4538"},"modified":"2022-11-22T17:04:49","modified_gmt":"2022-11-22T16:04:49","slug":"storie-di-successo","status":"publish","type":"post","link":"https:\/\/www.rajapack.it\/blog-it\/le-nostre-storie-di-successo","title":{"rendered":"Le nostre storie di successo: Lorenzo e Sara raccontano la loro esperienza"},"content":{"rendered":"<p>RAJA Italia ha preso parte al Career Day Cattolica di Piacenza, storico evento di placement dell\u2019<a href=\"https:\/\/www.linkedin.com\/company\/unicatt\/\">Universit\u00e0 Cattolica del Sacro Cuore<\/a>\u00a0, incontrando laureandi e laureati provenienti dalle quattro sedi italiane.<\/p>\n<p>Un momento di incontro dove RAJA, insieme a oltre 120 aziende, ha messo a disposizione dei giovani che si stanno affacciando al mondo del lavoro alcune attivit\u00e0 di consulenza ed orientamento come CV-check, speed interview, assessment volti a testare le competenze hard e soft, digitali o \u201cgreen\u201d.<\/p>\n<p>Accorciare le distanze tra le aziende ed i professionisti di domani \u00e8 la missione che accomuna RAJA Italia e Cattolica.<br \/>\nCon le parole dei nostri colleghi, Lorenzo e Sara, ex studenti Cattolica vogliamo raccontarti come questo impegno si concretizza lungo il percorso di studi.<\/p>\n<h3><strong><span style=\"color: #4b3ff4;\">In che modo l\u2019Universit\u00e0 Cattolica ti ha messo in connessione con il mondo del lavoro, sia in termini di competenze che di opportunit\u00e0?<\/span><\/strong><\/h3>\n<p>&nbsp;<\/p>\n<p><em><strong>Lorenzo<\/strong><\/em><\/p>\n<p>Universit\u00e0 Cattolica mette a disposizione tanti strumenti agli studenti che come me si sono trovati a inserirsi nel mondo del lavoro:<\/p>\n<ul>\n<li>Il Career Day dove si ha modo di conoscere diverse realt\u00e0 sul territorio all\u2019interno di un unico evento e cos\u00ec mettere a fuoco il settore o la carriera professionale di interesse.<\/li>\n<li>Il servizio di Stage and Placement con cui accedere alle offerte di lavoro attive e mettersi direttamente in contatto con le aziende attraverso un canale preferenziale<\/li>\n<li>Visite e stage in azienda con cui addentrarsi nei processi e nella routine lavorativa<\/li>\n<\/ul>\n<p>Oltre a questi strumenti che, per loro natura, favoriscono il contatto con il mondo del lavoro, ci\u00f2 che pi\u00f9 mi ha messo in connessione con le aziende e che ha permesso un arricchimento continuo delle mie competenze \u00e8 stato l\u2019approccio formativo adottato dai professori. Questo non aveva come obiettivo solo quello di trasferire nozioni, ma di stimolare in noi studenti un pensiero critico e proattivo, portandoci a cambiare il nostro punto di vista e facendoci ragionare come un professionista. Per farti un esempio: ricordo che all\u2019interno del mio percorso ci sono stati proposti test d\u2019esame davvero innovati in cui dovevamo gestire budget, timing e risorse e definire quindi un piano di investimento per l\u2019azienda. Una modalit\u00e0 sfidante con cui ogni studente era chiamato a vestire i panni dell\u2019imprenditore e prendere decisioni\u2026e questo mi \u00e8 davvero servito per affrontare con maggior consapevolezza le sfide lavorative.<\/p>\n<p><img loading=\"lazy\" decoding=\"async\" class=\"aligncenter size-full wp-image-4559\" src=\"https:\/\/www.rajapack.it\/blog-it\/wp-content\/uploads\/2022\/11\/Immagini-per-job-post-blog-11.png\" alt=\"\" width=\"2011\" height=\"885\" srcset=\"https:\/\/www.rajapack.it\/blog-it\/wp-content\/uploads\/2022\/11\/Immagini-per-job-post-blog-11.png 2011w, https:\/\/www.rajapack.it\/blog-it\/wp-content\/uploads\/2022\/11\/Immagini-per-job-post-blog-11-430x189.png 430w, https:\/\/www.rajapack.it\/blog-it\/wp-content\/uploads\/2022\/11\/Immagini-per-job-post-blog-11-1024x451.png 1024w, https:\/\/www.rajapack.it\/blog-it\/wp-content\/uploads\/2022\/11\/Immagini-per-job-post-blog-11-768x338.png 768w, https:\/\/www.rajapack.it\/blog-it\/wp-content\/uploads\/2022\/11\/Immagini-per-job-post-blog-11-1536x676.png 1536w\" sizes=\"(max-width: 2011px) 100vw, 2011px\" \/><\/p>\n<p><strong><em>Sara<\/em><br \/>\n<\/strong><\/p>\n<p style=\"text-align: justify; background: white; margin: 0cm 0cm 22.5pt 0cm;\"><span style=\"font-size: 13.5pt; font-family: 'Open Sans',sans-serif; color: #656f84;\">Da studente ricordo che trovato davvero difficile capire da dover partire, quale porta bussare per entrare nel mercato del lavoro ed in questo, Universit\u00e0 Cattolica, \u00e8 stata un vero punto fermo per me. Negli anni ha messo a disposizione degli studenti non solo un network di aziende attente ai giovani, ma anche un team di professionisti, che coordinano le attivit\u00e0 di Stage&amp;Placement, che supportano gli studenti nell\u2019orientamento, nella ricerca fino alla preparazione ai colloqui. Nella mia esperienza, grazie al portale stage&amp;placement ho trovato due opportunit\u00e0 da cui poi sono scaturite due esperienze lavorative, una di queste proprio in RAJA.<\/span><\/p>\n<p style=\"text-align: justify; background: white; margin: 0cm 0cm 22.5pt 0cm;\"><span style=\"font-size: 13.5pt; font-family: 'Open Sans',sans-serif; color: #656f84;\">Passando agli altri canali attivati da Cattolica ho sempre trovato molto efficaci i meeting one-one, in cui gli studenti possono presentarsi alle aziende e allacciare un primo contatto. E le testimonianze dei professionisti in aula, dove lasciarsi ispirare dalle esperienze dirette di chi il mondo del lavoro ci \u00e8 gi\u00e0 da tempo.<\/span><\/p>\n<p style=\"text-align: justify; background: white; margin: 0cm 0cm 22.5pt 0cm;\"><span style=\"font-size: 13.5pt; font-family: 'Open Sans',sans-serif; color: #656f84;\">Rispetto alle competenze, ringrazio l\u2019esperienza in Cattolica per avermi permesso di crescere umanamente attraverso business game durante i quali ho dovuto confrontarmi con studenti che hanno avuto approcci progettuali diversi dal mio. <s><\/s><\/span><\/p>\n<h3><strong><span style=\"color: #4b3ff4;\">Racconta il tuo percorso in RAJA: le tue aspettative iniziali, dove sei arrivato ora e come vedi il tuo futuro in azienda<\/span><\/strong><\/h3>\n<p>&nbsp;<\/p>\n<p><em><strong>Lorenzo<\/strong><\/em><\/p>\n<p style=\"text-align: justify; background: white; margin: 0cm 0cm 22.5pt 0cm;\"><span style=\"font-size: 13.5pt; font-family: 'Open Sans',sans-serif; color: #656f84;\">Sono entrato in RAJA nel 2021 come stagista all\u2019interno del team Sales ed inizialmente ho affiancato i colleghi del nostro Customer Care nella gestione dei clienti imparando a identificare le loro esigenze. Con il tempo ho maturato e affinato le mie competenze di vendita ed oggi ricopro il ruolo di Key Account gestendo in autonomia un portafoglio di clienti collocati nella regione Lombardia. Descriverei il mio percorso in RAJA con tre parole: coerenza, fiducia e crescita personale.<\/span><\/p>\n<p style=\"text-align: justify; background: white; margin: 0cm 0cm 22.5pt 0cm;\"><span style=\"font-size: 13.5pt; font-family: 'Open Sans',sans-serif; color: #656f84;\">Le mie aspettative iniziali sono state infatti mantenute da RAJA in termini di percorso di carriera e formazione. E questo \u00e8 stato possibile tramite la grande fiducia che \u00e8 stata costruita con il team e quindi con l\u2019azienda che mi ha permesso di crescere e sperimentare nuovi incarichi nel primo anno dall\u2019assunzione. In questo percorso non \u00e8 mai mancata la collaborazione e la condivisione di strumenti con cui poter affrontare gradualmente gli obiettivi affidati.<\/span><\/p>\n<p style=\"text-align: justify; background: white; margin: 0cm 0cm 22.5pt 0cm;\"><span style=\"font-size: 13.5pt; font-family: 'Open Sans',sans-serif; color: #656f84;\">Nel mio futuro in RAJA vedo un ambiente sempre pi\u00f9 dinamico in cui proseguire il percorso di crescita. Mi piacerebbe che RAJA continuasse a porre la sua attenzione sui giovani creando momenti di scambio con cui avvicinarli ai processi ed alle diverse professionalit\u00e0 della nostra organizzazione.<\/span><\/p>\n<p><strong><em>Sara<\/em><br \/>\n<\/strong><\/p>\n<p style=\"text-align: justify; background: white; margin: 0cm 0cm 22.5pt 0cm;\"><span style=\"font-size: 13.5pt; font-family: 'Open Sans',sans-serif; color: #656f84;\">Sono entrata in RAJA nel 2021 come Product Manager Assistant all\u2019interno del team Product supportando lo staff nelle attivit\u00e0 di analisi e reporting e occupandomi della manutenzione del database prodotti. Nel tempo il mio ruolo si \u00e8 evoluto collaborando attivamente con le altre funzioni aziendali fino ad arrivare a occuparmi in autonomia di progetti che hanno come obiettivo l\u2019efficientamento degli strumenti di gestione delle anagrafiche articoli, che compongono l\u2019offerta aziendale.<\/span><\/p>\n<p style=\"text-align: justify; background: white; margin: 0cm 0cm 22.5pt 0cm;\"><span style=\"font-size: 13.5pt; font-family: 'Open Sans',sans-serif; color: #656f84;\">Prima di entrare in azienda non conoscevo RAJA, ma da subito sono stata galvanizzata dalla sua storia e presenza costruita nel tempo, dai suoi valori e dal suo approccio rispetto la sostenibilit\u00e0 che nel corso mio percorso ho ritrovato. Cos\u00ec come i temi della trasparenza e collaborazione con cui il gruppo si distingue li ho ritrovati giorno dopo giorno nell\u2019accessibilit\u00e0 alle informazioni, nella disponibilit\u00e0 dei colleghi e nella condivisione puntuale degli obiettivi.<\/span><\/p>\n<p style=\"text-align: justify; background: white; margin: 0cm 0cm 22.5pt 0cm;\"><span style=\"font-size: 13.5pt; font-family: 'Open Sans',sans-serif; color: #656f84;\">Il mio futuro in RAJA lo sintetizzerei in due parole: evoluzione \u2013 che per me significa accrescere le mie responsabilit\u00e0 e nuovi percorsi di carriera \u2013 ed Europa che si traduce nel rafforzare la condivisione di best practice e competenze all\u2019interno del Gruppo RAJA.<\/span><\/p>\n<p><img loading=\"lazy\" decoding=\"async\" class=\"aligncenter size-full wp-image-4560\" src=\"https:\/\/www.rajapack.it\/blog-it\/wp-content\/uploads\/2022\/11\/Immagini-per-job-post-blog-10.png\" alt=\"\" width=\"2011\" height=\"885\" srcset=\"https:\/\/www.rajapack.it\/blog-it\/wp-content\/uploads\/2022\/11\/Immagini-per-job-post-blog-10.png 2011w, https:\/\/www.rajapack.it\/blog-it\/wp-content\/uploads\/2022\/11\/Immagini-per-job-post-blog-10-430x189.png 430w, https:\/\/www.rajapack.it\/blog-it\/wp-content\/uploads\/2022\/11\/Immagini-per-job-post-blog-10-1024x451.png 1024w, https:\/\/www.rajapack.it\/blog-it\/wp-content\/uploads\/2022\/11\/Immagini-per-job-post-blog-10-768x338.png 768w, https:\/\/www.rajapack.it\/blog-it\/wp-content\/uploads\/2022\/11\/Immagini-per-job-post-blog-10-1536x676.png 1536w\" sizes=\"(max-width: 2011px) 100vw, 2011px\" \/><\/p>\n<h3><strong><span style=\"color: #4b3ff4;\">Cosa consigliereste ai laureandi che devono affrontare il mercato del lavoro?<\/span><\/strong><\/h3>\n<p>&nbsp;<\/p>\n<p><strong><em>Lorenzo<\/em><br \/>\n<\/strong><\/p>\n<p style=\"text-align: justify; background: white; margin: 0cm 0cm 22.5pt 0cm;\"><span style=\"font-size: 13.5pt; font-family: 'Open Sans',sans-serif; color: #656f84;\">Per rispondere a questa domanda ho pensato al consiglio che darei al Lorenzo di qualche anno fa: capire i propri interessi e attitudini prima di buttarsi nella ricerca di offerte lavorative. Una volta identificati i settori oppure il ruolo professionale a cui si aspira, informarsi rispetto le skills ricercate dal mercato ed i ruoli pi\u00f9 affini per inserirsi nel percorso professionale desiderato. E arrivati al fatidico momento dell\u2019application ricordarsi sempre che il cv \u00e8 il primo strumento con cui presentarsi all\u2019azienda e quindi in esso deve essere concentrato la motivazione, l\u2019interesse e le competenze che vogliamo mettere a disposizione dell\u2019azienda. Non \u00e8 un compito semplice, ma pu\u00f2 fare la differenza.<\/span><\/p>\n<p><strong><em>Sara<\/em><br \/>\n<\/strong><\/p>\n<p>Ai professionisti di domani direi di rischiare, di non lasciarsi frenare dalla paura di sbagliare\u2026perch\u00e9 si dice chi non fa, non sbaglia\u2026e per crescere bisogna sporcarsi le mani mettendo in conto qualche errore lungo il cammino.<\/p>\n<p>Sono consapevole che il mercato del lavoro di oggi si scontra con tante criticit\u00e0 ed incertezze, per questo vorrei consigliare di non scoraggiarsi e continuare nella ricerca di opportunit\u00e0 lavorative, mantenendo sempre un occhio attento sugli scenari economici che influenzano lo stesso mercato. Per fare ci\u00f2 consiglio di esplorare quanto prima questo mondo aprendo il proprio profilo LinkedIn.<\/p>\n<p>&nbsp;<\/p>\n<p>Essere parte del network di aziende partner di Universit\u00e0 Cattolica del Sacro Cuore di Piacenza rappresenta per RAJA una significativa opportunit\u00e0 di dialogo con il mondo accademico, attraverso il quale avviare progetti condivisi volti a favorire l\u2019attrattivit\u00e0 delle universit\u00e0, l\u2019occupabilit\u00e0 degli studenti, e la\u00a0crescita del patrimonio di competenze sul territorio locale.<\/p>\n","protected":false},"excerpt":{"rendered":"<p>RAJA Italia ha preso parte al Career Day Cattolica di Piacenza, storico evento di placement dell\u2019Universit\u00e0 Cattolica del Sacro Cuore\u00a0, incontrando laureandi e laureati provenienti dalle quattro sedi italiane. Un [&#8230;]<\/p>\n","protected":false},"author":24,"featured_media":4539,"comment_status":"open","ping_status":"open","sticky":false,"template":"","format":"standard","meta":{"_acf_changed":false,"footnotes":""},"categories":[4,1],"tags":[],"class_list":["post-4538","post","type-post","status-publish","format-standard","has-post-thumbnail","hentry","category-news-eventi","category-lavora-con-noi"],"acf":[],"yoast_head":"\n<title>Le nostre storie di successo: Lorenzo e Sara raccontano la loro esperienza - Blog Rajapack<\/title>\n<meta name=\"robots\" content=\"index, follow, max-snippet:-1, max-image-preview:large, max-video-preview:-1\" \/>\n<link rel=\"canonical\" href=\"https:\/\/www.rajapack.it\/blog-it\/le-nostre-storie-di-successo\" \/>\n<meta property=\"og:locale\" content=\"it_IT\" \/>\n<meta property=\"og:type\" content=\"article\" \/>\n<meta property=\"og:title\" content=\"Le nostre storie di successo: Lorenzo e Sara raccontano la loro esperienza - Blog Rajapack\" \/>\n<meta property=\"og:description\" content=\"RAJA Italia ha preso parte al Career Day Cattolica di Piacenza, storico evento di placement dell\u2019Universit\u00e0 Cattolica del Sacro Cuore\u00a0, incontrando laureandi e laureati provenienti dalle quattro sedi italiane. Un [...]\" \/>\n<meta property=\"og:url\" content=\"https:\/\/www.rajapack.it\/blog-it\/le-nostre-storie-di-successo\" \/>\n<meta property=\"og:site_name\" content=\"Blog Ufficiale RAJA | Il n\u00b0 1 Europeo dell\u2019imballaggio\" \/>\n<meta property=\"article:publisher\" content=\"https:\/\/www.facebook.com\/RajapackIT\" \/>\n<meta property=\"article:published_time\" content=\"2022-11-22T11:42:50+00:00\" \/>\n<meta property=\"article:modified_time\" content=\"2022-11-22T16:04:49+00:00\" \/>\n<meta property=\"og:image\" content=\"https:\/\/www.rajapack.it\/blog-it\/wp-content\/uploads\/2022\/11\/Immagini-per-job-post-blog-05.png\" \/>\n\t<meta property=\"og:image:width\" content=\"2953\" \/>\n\t<meta property=\"og:image:height\" content=\"1769\" \/>\n\t<meta property=\"og:image:type\" content=\"image\/png\" \/>\n<meta name=\"author\" content=\"Maria Tognon\" \/>\n<meta name=\"twitter:card\" content=\"summary_large_image\" \/>\n<meta name=\"twitter:creator\" content=\"@RajapackIT\" \/>\n<meta name=\"twitter:site\" content=\"@RajapackIT\" \/>\n<meta name=\"twitter:label1\" content=\"Scritto da\" \/>\n\t<meta name=\"twitter:data1\" content=\"Maria Tognon\" \/>\n\t<meta name=\"twitter:label2\" content=\"Tempo di lettura stimato\" \/>\n\t<meta name=\"twitter:data2\" content=\"7 minuti\" \/>\n<script type=\"application\/ld+json\" class=\"yoast-schema-graph\">{\n\t    \"@context\": \"https:\/\/schema.org\",\n\t    \"@graph\": [\n\t        {\n\t            \"@type\": \"Article\",\n\t            \"@id\": \"https:\/\/www.rajapack.it\/blog-it\/le-nostre-storie-di-successo#article\",\n\t            \"isPartOf\": {\n\t                \"@id\": \"https:\/\/www.rajapack.it\/blog-it\/le-nostre-storie-di-successo\"\n\t            },\n\t            \"author\": {\n\t                \"name\": \"Maria Tognon\",\n\t                \"@id\": \"https:\/\/www.rajapack.it\/blog-it\/#\/schema\/person\/8293b8c9692591d18b2bbc2943fdade9\"\n\t            },\n\t            \"headline\": \"Le nostre storie di successo: Lorenzo e Sara raccontano la loro esperienza\",\n\t            \"datePublished\": \"2022-11-22T11:42:50+00:00\",\n\t            \"dateModified\": \"2022-11-22T16:04:49+00:00\",\n\t            \"mainEntityOfPage\": {\n\t                \"@id\": \"https:\/\/www.rajapack.it\/blog-it\/le-nostre-storie-di-successo\"\n\t            },\n\t            \"wordCount\": 1271,\n\t            \"commentCount\": 0,\n\t            \"publisher\": {\n\t                \"@id\": \"https:\/\/www.rajapack.it\/blog-it\/#organization\"\n\t            },\n\t            \"image\": {\n\t                \"@id\": \"https:\/\/www.rajapack.it\/blog-it\/le-nostre-storie-di-successo#primaryimage\"\n\t            },\n\t            \"thumbnailUrl\": \"https:\/\/www.rajapack.it\/blog-it\/wp-content\/uploads\/2022\/11\/Immagini-per-job-post-blog-05.png\",\n\t            \"articleSection\": [\n\t                \"Dicono di noi\",\n\t                \"Lavora in RAJA\"\n\t            ],\n\t            \"inLanguage\": \"it-IT\",\n\t            \"potentialAction\": [\n\t                {\n\t                    \"@type\": \"CommentAction\",\n\t                    \"name\": \"Comment\",\n\t                    \"target\": [\n\t                        \"https:\/\/www.rajapack.it\/blog-it\/le-nostre-storie-di-successo#respond\"\n\t                    ]\n\t                }\n\t            ]\n\t        },\n\t        {\n\t            \"@type\": \"WebPage\",\n\t            \"@id\": \"https:\/\/www.rajapack.it\/blog-it\/le-nostre-storie-di-successo\",\n\t            \"url\": \"https:\/\/www.rajapack.it\/blog-it\/le-nostre-storie-di-successo\",\n\t            \"name\": \"Le nostre storie di successo: Lorenzo e Sara raccontano la loro esperienza - Blog Rajapack\",\n\t            \"isPartOf\": {\n\t                \"@id\": \"https:\/\/www.rajapack.it\/blog-it\/#website\"\n\t            },\n\t            \"primaryImageOfPage\": {\n\t                \"@id\": \"https:\/\/www.rajapack.it\/blog-it\/le-nostre-storie-di-successo#primaryimage\"\n\t            },\n\t            \"image\": {\n\t                \"@id\": \"https:\/\/www.rajapack.it\/blog-it\/le-nostre-storie-di-successo#primaryimage\"\n\t            },\n\t            \"thumbnailUrl\": \"https:\/\/www.rajapack.it\/blog-it\/wp-content\/uploads\/2022\/11\/Immagini-per-job-post-blog-05.png\",\n\t            \"datePublished\": \"2022-11-22T11:42:50+00:00\",\n\t            \"dateModified\": \"2022-11-22T16:04:49+00:00\",\n\t            \"inLanguage\": \"it-IT\",\n\t            \"potentialAction\": [\n\t                {\n\t                    \"@type\": \"ReadAction\",\n\t                    \"target\": [\n\t                        \"https:\/\/www.rajapack.it\/blog-it\/le-nostre-storie-di-successo\"\n\t                    ]\n\t                }\n\t            ]\n\t        },\n\t        {\n\t            \"@type\": \"ImageObject\",\n\t            \"inLanguage\": \"it-IT\",\n\t            \"@id\": \"https:\/\/www.rajapack.it\/blog-it\/le-nostre-storie-di-successo#primaryimage\",\n\t            \"url\": \"https:\/\/www.rajapack.it\/blog-it\/wp-content\/uploads\/2022\/11\/Immagini-per-job-post-blog-05.png\",\n\t            \"contentUrl\": \"https:\/\/www.rajapack.it\/blog-it\/wp-content\/uploads\/2022\/11\/Immagini-per-job-post-blog-05.png\",\n\t            \"width\": 2953,\n\t            \"height\": 1769\n\t        },\n\t        {\n\t            \"@type\": \"WebSite\",\n\t            \"@id\": \"https:\/\/www.rajapack.it\/blog-it\/#website\",\n\t            \"url\": \"https:\/\/www.rajapack.it\/blog-it\/\",\n\t            \"name\": \"Blog Ufficiale RAJA | Il n\u00b0 1 Europeo dell\u2019imballaggio\",\n\t            \"description\": \"news dal mondo dell&#039;imballaggio\",\n\t            \"publisher\": {\n\t                \"@id\": \"https:\/\/www.rajapack.it\/blog-it\/#organization\"\n\t            },\n\t            \"potentialAction\": [\n\t                {\n\t                    \"@type\": \"SearchAction\",\n\t                    \"target\": {\n\t                        \"@type\": \"EntryPoint\",\n\t                        \"urlTemplate\": \"https:\/\/www.rajapack.it\/blog-it\/?s={search_term_string}\"\n\t                    },\n\t                    \"query-input\": \"required name=search_term_string\"\n\t                }\n\t            ],\n\t            \"inLanguage\": \"it-IT\"\n\t        },\n\t        {\n\t            \"@type\": \"Organization\",\n\t            \"@id\": \"https:\/\/www.rajapack.it\/blog-it\/#organization\",\n\t            \"name\": \"RAJA Blog IT\",\n\t            \"url\": \"https:\/\/www.rajapack.it\/blog-it\/\",\n\t            \"logo\": {\n\t                \"@type\": \"ImageObject\",\n\t                \"inLanguage\": \"it-IT\",\n\t                \"@id\": \"https:\/\/www.rajapack.it\/blog-it\/#\/schema\/logo\/image\/\",\n\t                \"url\": \"https:\/\/www.rajapack.it\/blog-it\/wp-content\/uploads\/2022\/07\/ico.png\",\n\t                \"contentUrl\": \"https:\/\/www.rajapack.it\/blog-it\/wp-content\/uploads\/2022\/07\/ico.png\",\n\t                \"width\": 512,\n\t                \"height\": 512,\n\t                \"caption\": \"RAJA Blog IT\"\n\t            },\n\t            \"image\": {\n\t                \"@id\": \"https:\/\/www.rajapack.it\/blog-it\/#\/schema\/logo\/image\/\"\n\t            },\n\t            \"sameAs\": [\n\t                \"https:\/\/www.facebook.com\/RajapackIT\",\n\t                \"https:\/\/x.com\/RajapackIT\",\n\t                \"http:\/\/www.linkedin.com\/company\/rajapack-italy\"\n\t            ]\n\t        },\n\t        {\n\t            \"@type\": \"Person\",\n\t            \"@id\": \"https:\/\/www.rajapack.it\/blog-it\/#\/schema\/person\/8293b8c9692591d18b2bbc2943fdade9\",\n\t            \"name\": \"Maria Tognon\",\n\t            \"image\": {\n\t                \"@type\": \"ImageObject\",\n\t                \"inLanguage\": \"it-IT\",\n\t                \"@id\": \"https:\/\/www.rajapack.it\/blog-it\/#\/schema\/person\/image\/\",\n\t                \"url\": \"https:\/\/secure.gravatar.com\/avatar\/68ed3f0a2f693fe28b5de06e0fc5ea50?s=96&d=mm&r=g\",\n\t                \"contentUrl\": \"https:\/\/secure.gravatar.com\/avatar\/68ed3f0a2f693fe28b5de06e0fc5ea50?s=96&d=mm&r=g\",\n\t                \"caption\": \"Maria Tognon\"\n\t            },\n\t            \"description\": \"Lorem Ipsum \u00e8 un testo segnaposto utilizzato nel settore della tipografia e della stampa.\"\n\t        }\n\t    ]\n\t}<\/script>\n","yoast_head_json":{"title":"Le nostre storie di successo: Lorenzo e Sara raccontano la loro esperienza - Blog Rajapack","robots":{"index":"index","follow":"follow","max-snippet":"max-snippet:-1","max-image-preview":"max-image-preview:large","max-video-preview":"max-video-preview:-1"},"canonical":"https:\/\/www.rajapack.it\/blog-it\/le-nostre-storie-di-successo","og_locale":"it_IT","og_type":"article","og_title":"Le nostre storie di successo: Lorenzo e Sara raccontano la loro esperienza - Blog Rajapack","og_description":"RAJA Italia ha preso parte al Career Day Cattolica di Piacenza, storico evento di placement dell\u2019Universit\u00e0 Cattolica del Sacro Cuore\u00a0, incontrando laureandi e laureati provenienti dalle quattro sedi italiane. Un [...]","og_url":"https:\/\/www.rajapack.it\/blog-it\/le-nostre-storie-di-successo","og_site_name":"Blog Ufficiale RAJA | Il n\u00b0 1 Europeo dell\u2019imballaggio","article_publisher":"https:\/\/www.facebook.com\/RajapackIT","article_published_time":"2022-11-22T11:42:50+00:00","article_modified_time":"2022-11-22T16:04:49+00:00","og_image":[{"width":2953,"height":1769,"url":"https:\/\/www.rajapack.it\/blog-it\/wp-content\/uploads\/2022\/11\/Immagini-per-job-post-blog-05.png","type":"image\/png"}],"author":"Maria Tognon","twitter_card":"summary_large_image","twitter_creator":"@RajapackIT","twitter_site":"@RajapackIT","twitter_misc":{"Scritto da":"Maria Tognon","Tempo di lettura stimato":"7 minuti"},"schema":{"@context":"https:\/\/schema.org","@graph":[{"@type":"Article","@id":"https:\/\/www.rajapack.it\/blog-it\/le-nostre-storie-di-successo#article","isPartOf":{"@id":"https:\/\/www.rajapack.it\/blog-it\/le-nostre-storie-di-successo"},"author":{"name":"Maria Tognon","@id":"https:\/\/www.rajapack.it\/blog-it\/#\/schema\/person\/8293b8c9692591d18b2bbc2943fdade9"},"headline":"Le nostre storie di successo: Lorenzo e Sara raccontano la loro esperienza","datePublished":"2022-11-22T11:42:50+00:00","dateModified":"2022-11-22T16:04:49+00:00","mainEntityOfPage":{"@id":"https:\/\/www.rajapack.it\/blog-it\/le-nostre-storie-di-successo"},"wordCount":1271,"commentCount":0,"publisher":{"@id":"https:\/\/www.rajapack.it\/blog-it\/#organization"},"image":{"@id":"https:\/\/www.rajapack.it\/blog-it\/le-nostre-storie-di-successo#primaryimage"},"thumbnailUrl":"https:\/\/www.rajapack.it\/blog-it\/wp-content\/uploads\/2022\/11\/Immagini-per-job-post-blog-05.png","articleSection":["Dicono di noi","Lavora in RAJA"],"inLanguage":"it-IT","potentialAction":[{"@type":"CommentAction","name":"Comment","target":["https:\/\/www.rajapack.it\/blog-it\/le-nostre-storie-di-successo#respond"]}]},{"@type":"WebPage","@id":"https:\/\/www.rajapack.it\/blog-it\/le-nostre-storie-di-successo","url":"https:\/\/www.rajapack.it\/blog-it\/le-nostre-storie-di-successo","name":"Le nostre storie di successo: Lorenzo e Sara raccontano la loro esperienza - Blog Rajapack","isPartOf":{"@id":"https:\/\/www.rajapack.it\/blog-it\/#website"},"primaryImageOfPage":{"@id":"https:\/\/www.rajapack.it\/blog-it\/le-nostre-storie-di-successo#primaryimage"},"image":{"@id":"https:\/\/www.rajapack.it\/blog-it\/le-nostre-storie-di-successo#primaryimage"},"thumbnailUrl":"https:\/\/www.rajapack.it\/blog-it\/wp-content\/uploads\/2022\/11\/Immagini-per-job-post-blog-05.png","datePublished":"2022-11-22T11:42:50+00:00","dateModified":"2022-11-22T16:04:49+00:00","inLanguage":"it-IT","potentialAction":[{"@type":"ReadAction","target":["https:\/\/www.rajapack.it\/blog-it\/le-nostre-storie-di-successo"]}]},{"@type":"ImageObject","inLanguage":"it-IT","@id":"https:\/\/www.rajapack.it\/blog-it\/le-nostre-storie-di-successo#primaryimage","url":"https:\/\/www.rajapack.it\/blog-it\/wp-content\/uploads\/2022\/11\/Immagini-per-job-post-blog-05.png","contentUrl":"https:\/\/www.rajapack.it\/blog-it\/wp-content\/uploads\/2022\/11\/Immagini-per-job-post-blog-05.png","width":2953,"height":1769},{"@type":"WebSite","@id":"https:\/\/www.rajapack.it\/blog-it\/#website","url":"https:\/\/www.rajapack.it\/blog-it\/","name":"Blog Ufficiale RAJA | Il n\u00b0 1 Europeo dell\u2019imballaggio","description":"news dal mondo dell&#039;imballaggio","publisher":{"@id":"https:\/\/www.rajapack.it\/blog-it\/#organization"},"potentialAction":[{"@type":"SearchAction","target":{"@type":"EntryPoint","urlTemplate":"https:\/\/www.rajapack.it\/blog-it\/?s={search_term_string}"},"query-input":"required name=search_term_string"}],"inLanguage":"it-IT"},{"@type":"Organization","@id":"https:\/\/www.rajapack.it\/blog-it\/#organization","name":"RAJA Blog IT","url":"https:\/\/www.rajapack.it\/blog-it\/","logo":{"@type":"ImageObject","inLanguage":"it-IT","@id":"https:\/\/www.rajapack.it\/blog-it\/#\/schema\/logo\/image\/","url":"https:\/\/www.rajapack.it\/blog-it\/wp-content\/uploads\/2022\/07\/ico.png","contentUrl":"https:\/\/www.rajapack.it\/blog-it\/wp-content\/uploads\/2022\/07\/ico.png","width":512,"height":512,"caption":"RAJA Blog IT"},"image":{"@id":"https:\/\/www.rajapack.it\/blog-it\/#\/schema\/logo\/image\/"},"sameAs":["https:\/\/www.facebook.com\/RajapackIT","https:\/\/x.com\/RajapackIT","http:\/\/www.linkedin.com\/company\/rajapack-italy"]},{"@type":"Person","@id":"https:\/\/www.rajapack.it\/blog-it\/#\/schema\/person\/8293b8c9692591d18b2bbc2943fdade9","name":"Maria Tognon","image":{"@type":"ImageObject","inLanguage":"it-IT","@id":"https:\/\/www.rajapack.it\/blog-it\/#\/schema\/person\/image\/","url":"https:\/\/secure.gravatar.com\/avatar\/68ed3f0a2f693fe28b5de06e0fc5ea50?s=96&d=mm&r=g","contentUrl":"https:\/\/secure.gravatar.com\/avatar\/68ed3f0a2f693fe28b5de06e0fc5ea50?s=96&d=mm&r=g","caption":"Maria Tognon"},"description":"Lorem Ipsum \u00e8 un testo segnaposto utilizzato nel settore della tipografia e della stampa."}]}},"_links":{"self":[{"href":"https:\/\/www.rajapack.it\/blog-it\/wp-json\/wp\/v2\/posts\/4538"}],"collection":[{"href":"https:\/\/www.rajapack.it\/blog-it\/wp-json\/wp\/v2\/posts"}],"about":[{"href":"https:\/\/www.rajapack.it\/blog-it\/wp-json\/wp\/v2\/types\/post"}],"author":[{"embeddable":true,"href":"https:\/\/www.rajapack.it\/blog-it\/wp-json\/wp\/v2\/users\/24"}],"replies":[{"embeddable":true,"href":"https:\/\/www.rajapack.it\/blog-it\/wp-json\/wp\/v2\/comments?post=4538"}],"version-history":[{"count":0,"href":"https:\/\/www.rajapack.it\/blog-it\/wp-json\/wp\/v2\/posts\/4538\/revisions"}],"wp:featuredmedia":[{"embeddable":true,"href":"https:\/\/www.rajapack.it\/blog-it\/wp-json\/wp\/v2\/media\/4539"}],"wp:attachment":[{"href":"https:\/\/www.rajapack.it\/blog-it\/wp-json\/wp\/v2\/media?parent=4538"}],"wp:term":[{"taxonomy":"category","embeddable":true,"href":"https:\/\/www.rajapack.it\/blog-it\/wp-json\/wp\/v2\/categories?post=4538"},{"taxonomy":"post_tag","embeddable":true,"href":"https:\/\/www.rajapack.it\/blog-it\/wp-json\/wp\/v2\/tags?post=4538"}],"curies":[{"name":"wp","href":"https:\/\/api.w.org\/{rel}","templated":true}]}}